{"id":16830,"date":"2020-08-26T17:31:38","date_gmt":"2020-08-26T22:31:38","guid":{"rendered":"http:\/\/www.zonaroja.com.mx\/?p=16830"},"modified":"2020-08-26T17:31:43","modified_gmt":"2020-08-26T22:31:43","slug":"se-oponen-activistas-al-pin-parental-exigen-acceso-a-la-educacion-sexual","status":"publish","type":"post","link":"https:\/\/zonaroja.com.mx\/?p=16830","title":{"rendered":"Se oponen activistas al PIN parental; exigen acceso a la educaci\u00f3n sexual"},"content":{"rendered":"\n<p>Evlin Arag\u00f3n\/Zona Roja.<\/p>\n\n\n\n<p>Oaxaca de Ju\u00e1rez, Oax., 26 de agosto de 2020.- Decenas de colectivos feministas y activistas a t\u00edtulo personal, exigieron al Congreso de Oaxaca garantizar la creaci\u00f3n de cuerpos normativos que introduzcan el derecho de informaci\u00f3n a las infancias, adolescencias y juventudes sobre sus derechos sexuales y reproductivos.<\/p>\n\n\n\n<p>Lo anterior luego de que denunciaran que los diputados Fabrizio Emir D\u00edaz Alcazar y Arsenio L\u00f3pez Mej\u00eda Garc\u00eda, ambos del Partido Encuentro Social, as\u00ed como las diputadas Mar\u00eda de Jes\u00fas Mendoza S\u00e1nchez, de Acci\u00f3n Nacional; Victoria Cruz Villar y Aurora Bertha L\u00f3pez Acevedo, del Verde Ecologista de M\u00e9xico, firmaron una iniciativa de ley para reformar el art\u00edculo 74 de la Ley de Educaci\u00f3n del estado de Oaxaca y hacer posible la adopci\u00f3n del PIN parental.&nbsp;<\/p>\n\n\n\n<p>Dicha iniciativa, fechada el 11 de agosto pretende que las madres y los padres puedan restringir a sus hijas e hijos el acceso a educaci\u00f3n sexual, cient\u00edfica y con base en evidencia, bajo el argumento de que ese contenido contraviene \u201csu moral\u201d, situaci\u00f3n que mantendr\u00eda a la ni\u00f1ez y juventudes vulnerables ante diversos abusos sexuales que constituyen cr\u00edmenes y violaciones a sus derechos humanos.&nbsp;<\/p>\n\n\n\n<p>\u201cQuienes suscribimos exigimos se detenga la intenci\u00f3n de este grupo de servidores p\u00fablicos y representantes populares, que tienen por obligaci\u00f3n velar por el cumplimiento de los derechos humanos para todos los grupos que integran la sociedad, especialmente a las infancias y adolescencias\u201d, manifestaron en un documento que hicieron p\u00fablico este lunes.&nbsp;<\/p>\n\n\n\n<p>En este sentido lamentaron que, pese a la existencia de una Ley General de los Derechos de las Ni\u00f1as, Ni\u00f1os y Adolescentes, firmada el 4 de diciembre del a\u00f1o 2014, en la que el Estado mexicano denomina y reconoce a las y los menores como sujetos de derecho, esta no ha sido suficiente ya que a\u00fan son v\u00edctimas de discriminaci\u00f3n sistem\u00e1tica que sufren por la omisi\u00f3n y\/o acci\u00f3n del propio Estado.<\/p>\n\n\n\n<p>Claro ejemplo, explicaron, que M\u00e9xico tiene la tasa de natalidad m\u00e1s alta entre mujeres de 15 a 19 a\u00f1os; de cada diez adolescentes entre 15 y 19 a\u00f1os, dos han estado embarazadas m\u00e1s de una vez; 4 de cada 10 mujeres menores de 15 a\u00f1os son v\u00edctimas de violencia sexual, ubicando a M\u00e9xico en el primer lugar en embarazo adolescente y abuso sexual.&nbsp;<\/p>\n\n\n\n<p>De forma espec\u00edfica, la entidad oaxaque\u00f1a ocupa el tercer lugar en embarazos de menores de edad y abuso sexual infantil, mismo que ocurre sobre todo en el \u00e1mbito familiar, de acuerdo con datos de la Procuradur\u00eda Estatal de Protecci\u00f3n a los Derechos de ni\u00f1as, ni\u00f1os y adolescentes, adem\u00e1s de que s\u00f3lo el 5% de los casos logran ser denunciados.<\/p>\n\n\n\n<p>Por ello, pidieron cumplir con la m\u00e1xima expuesta en el art\u00edculo 3ero constitucional que, entre otras cosas, se\u00f1ala \u201cla educaci\u00f3n se basar\u00e1 en el respeto irrestricto de la dignidad de las personas, con un enfoque de derechos humanos y de igualdad sustantiva, que incluya la educaci\u00f3n sexual como materia tomando en cuenta la perspectiva de g\u00e9nero y una orientaci\u00f3n integral\u201d.<\/p>\n\n\n\n<p>Solicitaron al Poder Legislativo garantizar la laicidad en pol\u00edticas p\u00fablicas y etiquetados de presupuestos que ayuden a prevenir la violencia sexual infantil en el estado; requerir informes y transparentar, sin plazos ni topes legales, el acceso a la informaci\u00f3n sobre la vulneraci\u00f3n de Derechos de Ni\u00f1as, Ni\u00f1os y Adolescencias, trat\u00e1ndose sobre todo de la Fiscal\u00eda del Estado de Oaxaca y la Secretar\u00eda de las Mujeres de Oaxaca<\/p>\n\n\n\n<p>As\u00ed mismo exhortar, las veces que sean necesarias, a todas las instituciones p\u00fablicas para que cumplan con el seguimiento a casos de violencia contra ni\u00f1as, ni\u00f1os y adolescentes.<\/p>\n","protected":false},"excerpt":{"rendered":"<p>Evlin Arag\u00f3n\/Zona Roja. Oaxaca de Ju\u00e1rez, Oax., 26 de agosto de 2020.- Decenas de colectivos&hellip;<\/p>\n","protected":false},"author":2,"featured_media":16831,"comment_status":"closed","ping_status":"open","sticky":false,"template":"","format":"standard","meta":{"_lmt_disableupdate":"","_lmt_disable":"","_jetpack_memberships_contains_paid_content":false,"footnotes":""},"categories":[109,47],"tags":[],"class_list":["post-16830","post","type-post","status-publish","format-standard","has-post-thumbnail","hentry","category-minuto-a-minuto","category-zona-gris"],"jetpack_featured_media_url":"https:\/\/zonaroja.com.mx\/wp-content\/uploads\/2020\/08\/Educacion-Sexual.jpg","jetpack_sharing_enabled":true,"_links":{"self":[{"href":"https:\/\/zonaroja.com.mx\/index.php?rest_route=\/wp\/v2\/posts\/16830","targetHints":{"allow":["GET"]}}],"collection":[{"href":"https:\/\/zonaroja.com.mx\/index.php?rest_route=\/wp\/v2\/posts"}],"about":[{"href":"https:\/\/zonaroja.com.mx\/index.php?rest_route=\/wp\/v2\/types\/post"}],"author":[{"embeddable":true,"href":"https:\/\/zonaroja.com.mx\/index.php?rest_route=\/wp\/v2\/users\/2"}],"replies":[{"embeddable":true,"href":"https:\/\/zonaroja.com.mx\/index.php?rest_route=%2Fwp%2Fv2%2Fcomments&post=16830"}],"version-history":[{"count":1,"href":"https:\/\/zonaroja.com.mx\/index.php?rest_route=\/wp\/v2\/posts\/16830\/revisions"}],"predecessor-version":[{"id":16832,"href":"https:\/\/zonaroja.com.mx\/index.php?rest_route=\/wp\/v2\/posts\/16830\/revisions\/16832"}],"wp:featuredmedia":[{"embeddable":true,"href":"https:\/\/zonaroja.com.mx\/index.php?rest_route=\/wp\/v2\/media\/16831"}],"wp:attachment":[{"href":"https:\/\/zonaroja.com.mx\/index.php?rest_route=%2Fwp%2Fv2%2Fmedia&parent=16830"}],"wp:term":[{"taxonomy":"category","embeddable":true,"href":"https:\/\/zonaroja.com.mx\/index.php?rest_route=%2Fwp%2Fv2%2Fcategories&post=16830"},{"taxonomy":"post_tag","embeddable":true,"href":"https:\/\/zonaroja.com.mx\/index.php?rest_route=%2Fwp%2Fv2%2Ftags&post=16830"}],"curies":[{"name":"wp","href":"https:\/\/api.w.org\/{rel}","templated":true}]}}