{"id":16833,"date":"2020-08-26T19:21:52","date_gmt":"2020-08-27T00:21:52","guid":{"rendered":"http:\/\/www.zonaroja.com.mx\/?p=16833"},"modified":"2020-08-26T19:28:15","modified_gmt":"2020-08-27T00:28:15","slug":"persiste-en-la-cuenca-riesgo-alto-por-covid-casos-se-expandieron-en-toda-la-region","status":"publish","type":"post","link":"https:\/\/zonaroja.com.mx\/?p=16833","title":{"rendered":"Persiste en la Cuenca \u00abriesgo alto\u00bb por Covid; casos se expandieron en toda la regi\u00f3n"},"content":{"rendered":"\n<p>Yuridiana Sosa\/Zona Roja.<\/p>\n\n\n\n<p>San Juan Bautista Tuxtepec, Oax., 26 de agosto de 2020.- A pesar de una disminuci\u00f3n de casos confirmados de Covid-19 en Oaxaca, la Jurisdicci\u00f3n Sanitaria n\u00famero 3 en la Cuenca advirti\u00f3 que para la regi\u00f3n, el riesgo de contagios a\u00fan es alto, pues la enfermedad ya alcanz\u00f3 a todos los municipios de esta zona norte del estado.<\/p>\n\n\n\n<p>El jefe jurisdiccional, Mois\u00e9s Montalvo Aspr\u00f3n, se\u00f1al\u00f3 que la regi\u00f3n pas\u00f3 de riesgo m\u00e1ximo a alto, por lo que si se descuidan las medidas sanitarias, puede surgir un repunte de casos que podr\u00eda ser m\u00e1s alto que los registrados actualmente.<\/p>\n\n\n\n<p>Detall\u00f3 que con anterioridad, la alerta se manten\u00eda por Tuxtepec, donde se registraron el mayor n\u00famero de casos, mientras que en los municipios conurbados y pertenecientes a la regi\u00f3n era m\u00ednimo; sin embargo, la onda expansiva de la enfermedad ya alcanz\u00f3 a los 19 municipios de la Cuenca.<\/p>\n\n\n\n<p>Esa situaci\u00f3n representar\u00eda una mayor gravedad que en la primera etapa, pues la alerta se mantendr\u00eda en un n\u00famero m\u00e1s elevado de municipios.<\/p>\n\n\n\n<p>De acuerdo con el reporte de los Servicios de Salud de Oaxaca (SSO), la Jurisdicci\u00f3n n\u00famero 3 dio a conocer que en un acumulado de casos de Covid en el transcurso de agosto se han registrado 61 pacientes activos con la enfermedad y nueve defunciones; mientras que en mayo la estad\u00edstica alcanz\u00f3 la confirmaci\u00f3n de hasta 234 casos en un d\u00eda.<\/p>\n\n\n\n<p>Al corte de este 25 de agosto, se registr\u00f3 la hospitalizaci\u00f3n de 15 pacientes, en estado grave, pero la ocupaci\u00f3n hospitalaria actualmente en la regi\u00f3n es del 40 por ciento, incluye las camas en el Hospital Zona 3 del IMSS, ISSSTE y Hospital Regional de Tuxtepec de los SSO.<\/p>\n\n\n\n<p>La Jurisdicci\u00f3n Sanitaria 3 Tuxtepec (Cuenca) cerr\u00f3 este martes con mil 592 casos acumulados de covid y 231 defunciones.<\/p>\n\n\n\n<p>Montalvo Aspr\u00f3n exhort\u00f3 a la poblaci\u00f3n y a las autoridades municipales a mantener las medidas sanitarias, esencialmente el distanciamiento social, sana distancia y uso de cubrebocas, as\u00ed como evitar festividades familiares, sociales y las relacionadas a la conmemoraci\u00f3n de la Independencia de M\u00e9xico en septiembre.<\/p>\n","protected":false},"excerpt":{"rendered":"<p>Yuridiana Sosa\/Zona Roja. San Juan Bautista Tuxtepec, Oax., 26 de agosto de 2020.- A pesar&hellip;<\/p>\n","protected":false},"author":2,"featured_media":16838,"comment_status":"closed","ping_status":"open","sticky":false,"template":"","format":"standard","meta":{"_lmt_disableupdate":"","_lmt_disable":"","_jetpack_memberships_contains_paid_content":false,"footnotes":""},"categories":[109,47],"tags":[1512],"class_list":["post-16833","post","type-post","status-publish","format-standard","has-post-thumbnail","hentry","category-minuto-a-minuto","category-zona-gris","tag-coronavirus-oaxaca"],"jetpack_featured_media_url":"https:\/\/zonaroja.com.mx\/wp-content\/uploads\/2020\/08\/Promocion-de-la-salud.jpg","jetpack_sharing_enabled":true,"_links":{"self":[{"href":"https:\/\/zonaroja.com.mx\/index.php?rest_route=\/wp\/v2\/posts\/16833","targetHints":{"allow":["GET"]}}],"collection":[{"href":"https:\/\/zonaroja.com.mx\/index.php?rest_route=\/wp\/v2\/posts"}],"about":[{"href":"https:\/\/zonaroja.com.mx\/index.php?rest_route=\/wp\/v2\/types\/post"}],"author":[{"embeddable":true,"href":"https:\/\/zonaroja.com.mx\/index.php?rest_route=\/wp\/v2\/users\/2"}],"replies":[{"embeddable":true,"href":"https:\/\/zonaroja.com.mx\/index.php?rest_route=%2Fwp%2Fv2%2Fcomments&post=16833"}],"version-history":[{"count":1,"href":"https:\/\/zonaroja.com.mx\/index.php?rest_route=\/wp\/v2\/posts\/16833\/revisions"}],"predecessor-version":[{"id":16834,"href":"https:\/\/zonaroja.com.mx\/index.php?rest_route=\/wp\/v2\/posts\/16833\/revisions\/16834"}],"wp:featuredmedia":[{"embeddable":true,"href":"https:\/\/zonaroja.com.mx\/index.php?rest_route=\/wp\/v2\/media\/16838"}],"wp:attachment":[{"href":"https:\/\/zonaroja.com.mx\/index.php?rest_route=%2Fwp%2Fv2%2Fmedia&parent=16833"}],"wp:term":[{"taxonomy":"category","embeddable":true,"href":"https:\/\/zonaroja.com.mx\/index.php?rest_route=%2Fwp%2Fv2%2Fcategories&post=16833"},{"taxonomy":"post_tag","embeddable":true,"href":"https:\/\/zonaroja.com.mx\/index.php?rest_route=%2Fwp%2Fv2%2Ftags&post=16833"}],"curies":[{"name":"wp","href":"https:\/\/api.w.org\/{rel}","templated":true}]}}