{"id":16835,"date":"2020-08-26T19:27:24","date_gmt":"2020-08-27T00:27:24","guid":{"rendered":"http:\/\/www.zonaroja.com.mx\/?p=16835"},"modified":"2020-08-26T19:27:27","modified_gmt":"2020-08-27T00:27:27","slug":"ante-fracaso-de-alerta-de-genero-en-oaxaca-piden-comparecencia-de-funcionarios","status":"publish","type":"post","link":"https:\/\/zonaroja.com.mx\/?p=16835","title":{"rendered":"Ante fracaso de Alerta de G\u00e9nero en Oaxaca, piden comparecencia de funcionarios"},"content":{"rendered":"\n<p>Yuridiana Sosa\/Zona Roja.<\/p>\n\n\n\n<p>Oaxaca de Ju\u00e1rez, Oax., 26 de agosto de 2020.- El Congreso de Oaxaca prev\u00e9 citar a comparecer a titulares de la Fiscal\u00eda General del Estado y de la Secretar\u00eda de las Mujeres Oaxaque\u00f1as, entre otras dependencias involucradas, por la nulidad de resultados en la implementaci\u00f3n de la Alerta de Violencia de G\u00e9nero contra las Mujeres (AVGM), a dos a\u00f1os de su entrada en vigor.<\/p>\n\n\n\n<p>A la comparecencia tendr\u00edan tambi\u00e9n que acudir los titulares de la Secretar\u00eda General de Gobierno, Secretar\u00eda de Pueblos Ind\u00edgenas y Afromexicanos y Secretar\u00eda de Seguridad P\u00fablica, as\u00ed como se citar\u00e1 a reuniones de trabajo e informaci\u00f3n a los funcionarios de los ayuntamientos con alerta de g\u00e9nero, responsables de estas acciones.<\/p>\n\n\n\n<p>La propuesta de Punto de Acuerdo fue presentada hoy por la diputada Magaly L\u00f3pez Dom\u00ednguez y se turn\u00f3 a la Junta de Coordinaci\u00f3n Pol\u00edtica, que fijar\u00e1 la fecha para que los funcionarios estatales informen sobre las acciones que han ejecutado por la alerta emitida por la Comisi\u00f3n Nacional para Prevenir y Erradicar la Violencia contra las Mujeres (Conavim) para 40 municipios en Oaxaca, el 31 de agosto de 2018.<\/p>\n\n\n\n<p>De acuerdo con datos hemerogr\u00e1ficos de Consorcio para el Di\u00e1logo Parlamentario y la Equidad Oaxaca, 780 mujeres han sido violentadas en los 40 municipios que cuentan con Alerta, de los que el 55 por ciento de los hechos ocurrieron tras la declaratoria.<\/p>\n\n\n\n<p>En los municipios de la regi\u00f3n de Valles Centrales se contabilizaron 317 casos; Mixteca 124 hechos; la Cuenca del Papaloapan 111; Istmo de Tehuantepec 98; en la Costa, 79. Mientras que en la regi\u00f3n Sierra Sur registra 30 casos, la Ca\u00f1ada 20 y Sierra Norte uno.<\/p>\n","protected":false},"excerpt":{"rendered":"<p>Yuridiana Sosa\/Zona Roja. Oaxaca de Ju\u00e1rez, Oax., 26 de agosto de 2020.- El Congreso de&hellip;<\/p>\n","protected":false},"author":2,"featured_media":16836,"comment_status":"closed","ping_status":"open","sticky":false,"template":"","format":"standard","meta":{"_lmt_disableupdate":"","_lmt_disable":"","_jetpack_memberships_contains_paid_content":false,"footnotes":""},"categories":[109,47],"tags":[192],"class_list":["post-16835","post","type-post","status-publish","format-standard","has-post-thumbnail","hentry","category-minuto-a-minuto","category-zona-gris","tag-diputada-magaly-lopez-dominguez"],"jetpack_featured_media_url":"https:\/\/zonaroja.com.mx\/wp-content\/uploads\/2020\/08\/Magaly-Lopez-Dom.jpg","jetpack_sharing_enabled":true,"_links":{"self":[{"href":"https:\/\/zonaroja.com.mx\/index.php?rest_route=\/wp\/v2\/posts\/16835","targetHints":{"allow":["GET"]}}],"collection":[{"href":"https:\/\/zonaroja.com.mx\/index.php?rest_route=\/wp\/v2\/posts"}],"about":[{"href":"https:\/\/zonaroja.com.mx\/index.php?rest_route=\/wp\/v2\/types\/post"}],"author":[{"embeddable":true,"href":"https:\/\/zonaroja.com.mx\/index.php?rest_route=\/wp\/v2\/users\/2"}],"replies":[{"embeddable":true,"href":"https:\/\/zonaroja.com.mx\/index.php?rest_route=%2Fwp%2Fv2%2Fcomments&post=16835"}],"version-history":[{"count":1,"href":"https:\/\/zonaroja.com.mx\/index.php?rest_route=\/wp\/v2\/posts\/16835\/revisions"}],"predecessor-version":[{"id":16837,"href":"https:\/\/zonaroja.com.mx\/index.php?rest_route=\/wp\/v2\/posts\/16835\/revisions\/16837"}],"wp:featuredmedia":[{"embeddable":true,"href":"https:\/\/zonaroja.com.mx\/index.php?rest_route=\/wp\/v2\/media\/16836"}],"wp:attachment":[{"href":"https:\/\/zonaroja.com.mx\/index.php?rest_route=%2Fwp%2Fv2%2Fmedia&parent=16835"}],"wp:term":[{"taxonomy":"category","embeddable":true,"href":"https:\/\/zonaroja.com.mx\/index.php?rest_route=%2Fwp%2Fv2%2Fcategories&post=16835"},{"taxonomy":"post_tag","embeddable":true,"href":"https:\/\/zonaroja.com.mx\/index.php?rest_route=%2Fwp%2Fv2%2Ftags&post=16835"}],"curies":[{"name":"wp","href":"https:\/\/api.w.org\/{rel}","templated":true}]}}