{"id":1684,"date":"2019-06-18T21:50:35","date_gmt":"2019-06-19T02:50:35","guid":{"rendered":"http:\/\/www.zonaroja.com.mx\/?p=1684"},"modified":"2019-06-18T21:50:38","modified_gmt":"2019-06-19T02:50:38","slug":"falla-rescate-del-playon-del-rio-atoyac-que-prometieron-gobernador-y-edil","status":"publish","type":"post","link":"https:\/\/zonaroja.com.mx\/?p=1684","title":{"rendered":"Falla rescate del play\u00f3n del r\u00edo Atoyac que prometieron gobernador y edil"},"content":{"rendered":"\n<p>Ismael\nGarc\u00eda M.<\/p>\n\n\n\n<p>Oaxaca de\nJu\u00e1rez, Oax., 18 de junio de 2019.- Presuntamente ya consensuado con las\norganizaciones de transportistas asentadas en la zona, alrededor del mediod\u00eda\nde este martes, el gobernador Alejandro Murat Hinojosa, al lado del edil\ncapitalino Oswaldo Garc\u00eda Jarqu\u00edn, ofreci\u00f3:<\/p>\n\n\n\n<p>\u201cEl d\u00eda de\nhoy a partir de las seis de la tarde estar\u00e1 estableci\u00e9ndose una Base de\nOperaciones Mixtas de las fuerzas federales, estatales y municipales, en donde\nhabr\u00e1 tambi\u00e9n un Ministerio P\u00fablico m\u00f3vil para generar toda la informaci\u00f3n\nnecesaria en la zona y por supuesto atenci\u00f3n a cualquier actividad irregular o\nil\u00edcita\u201d.<\/p>\n\n\n\n<p>La intenci\u00f3n\nde rescatar el play\u00f3n sobre las riberas del r\u00edo \u201cAtoyac\u201d, a un costado de la\nCentral de Abasto de la ciudad de Oaxaca, fall\u00f3, pues a esa hora s\u00f3lo\nmerodearon la zona una patrulla con varios elementos de la Secretar\u00eda de Marina\ny dos motopatrullas de la Polic\u00eda Municipal.<\/p>\n\n\n\n<p>\u201cCon\nnosotros no han acorado nada, por eso estamos ac\u00e1; ten\u00edamos la esperanza y\ntenemos, de que como hace un rato lo dijo el gobernador, \u00e9l estuviera presente,\ntuviera la amabilidad de escucharnos y estoy seguro que despu\u00e9s de eso, apoyar\na los productores\u201d, asever\u00f3 Lorenzo Cruz Bola\u00f1os, secretario de Organizaci\u00f3n\ndel Frente Popular.<\/p>\n\n\n\n<p>Junto con unos 50 afiliados, en su mayor\u00eda mujeres, se concentr\u00f3 en su \u00e1rea de futuros locales comerciales, para protestar por el probable retiro de la zona.<\/p>\n\n\n\n<figure class=\"wp-block-embed-twitter wp-block-embed is-type-rich is-provider-twitter\"><div class=\"wp-block-embed__wrapper\">\n<div class=\"twitter-tweet\"><blockquote class=\"twitter-tweet\" data-lang=\"es\"><p lang=\"es\" dir=\"ltr\"><a href=\"https:\/\/twitter.com\/hashtag\/OaxacaGris?src=hash&amp;ref_src=twsrc%5Etfw\">#OaxacaGris<\/a><br>El <a href=\"https:\/\/twitter.com\/GobOax?ref_src=twsrc%5Etfw\">@GobOax<\/a> que encabeza <a href=\"https:\/\/twitter.com\/alejandromurat?ref_src=twsrc%5Etfw\">@alejandromurat<\/a> y el <a href=\"https:\/\/twitter.com\/MunicipioOaxaca?ref_src=twsrc%5Etfw\">@MunicipioOaxaca<\/a> que preside <a href=\"https:\/\/twitter.com\/oswaldogarciaj?ref_src=twsrc%5Etfw\">@oswaldogarciaj<\/a> no consensuaron con el Frente Popular \u201c14 de Junio\u201d el retiro del play\u00f3n del R\u00edo \u201cAtoyac\u201d; si los quitan, advierten que se ir\u00e1n a instalar al z\u00f3calo. <a href=\"https:\/\/t.co\/dW2EiQzgeJ\">pic.twitter.com\/dW2EiQzgeJ<\/a><\/p>&mdash; Zona Roja Oaxaca (@MexRoja) <a href=\"https:\/\/twitter.com\/MexRoja\/status\/1141139761853325313?ref_src=twsrc%5Etfw\">19 de junio de 2019<\/a><\/blockquote><\/div>\n<\/div><\/figure>\n\n\n\n<p>\u201cEn la\nadministraci\u00f3n pasada (de Jos\u00e9 Antonio Hern\u00e1ndez Fraguas) se nos otorg\u00f3 este\nespacio para instalar a los vendedores; estamos preocupados porque si\nciertamente es decisi\u00f3n del gobierno estatal, en conjunto con el gobierno\nmunicipal, para bien de los oaxaque\u00f1os, nosotros somos oaxaque\u00f1os y esperamos\nque sea un gobierno incluyente.<\/p>\n\n\n\n<p>\u201cEsperamos\nque permita que antes de remover, pudiera platicar con las partes involucradas\nen este lugar. Traemos referencias que Pablo Calder\u00f3n (ex funcionario\nmunicipal) autoriz\u00f3 (en 2017) que ac\u00e1 se mandaran a los productores oaxaque\u00f1os,\ntambi\u00e9n que Gabriela Cueto (funcionaria de la Secretar\u00eda General de Gobierno),\npor acuerdo de ella se removieron de sus lugares a los productores oaxaque\u00f1os y\nse trasladaron a este lugar\u201d, dijo.<\/p>\n\n\n\n<p>Lament\u00f3 que\npese a buscar una cita con un representante de gobierno, Rodolfo Quintero de\nPablo, se les haya negado la audiencia.<\/p>\n\n\n\n<p>\u201cDe ser\nretirados, nos ir\u00edamos al z\u00f3calo; el coraz\u00f3n de Oaxaca es el coraz\u00f3n de todos,\nes en el lugar donde los oaxaque\u00f1os podr\u00edan darse cuenta de qu\u00e9 est\u00e1 pasando\ncon los productores de esta zona, que son alrededor de 70 los afectados\u201d,\nexpuso.<\/p>\n\n\n\n<p>\u201cNo vamos a hacer frente, no vamos a pelear, estamos cansados de que haya gobiernos que nos golpeen. Lo que queremos es que haya un gobierno que nos escuche, que acuerde, al que le importe los oaxaque\u00f1os\u201d, reproch\u00f3.<\/p>\n\n\n\n<figure class=\"wp-block-embed-facebook wp-block-embed is-type-video is-provider-facebook\"><div class=\"wp-block-embed__wrapper\">\n<div class=\"fb-video\" data-allowfullscreen=\"true\" data-href=\"https:\/\/www.facebook.com\/zonaroja.com.mx\/videos\/414304562493951?s=100002478859801&#038;v=e&#038;sfns=mo\" style=\"background-color: #fff; display: inline-block;\"><\/div>\n<\/div><\/figure>\n\n\n\n<p>ZONA DE\nNADIE<\/p>\n\n\n\n<p>Desde hace\nm\u00e1s de una d\u00e9cada, el play\u00f3n de las riberas del r\u00edo \u201cAtoyac\u201d, en toda la\nlateral de la Central de Abasto, desde el puente Valerio Trujano hasta el\npuente Porfirio D\u00edaz, fue ocupado por varias organizaciones de transportistas,\nprimeramente por la Confederaci\u00f3n de Trabajadores de M\u00e9xico (CTM).<\/p>\n\n\n\n<p>Posteriormente\nel Sindicato \u201cLibertad\u201d se apropi\u00f3 de un tramo, luego el Frente Popular \u201c14 de\nJunio\u201d y despu\u00e9s la Confederaci\u00f3n Aut\u00f3noma de Trabajadores y Empleados de\nM\u00e9xico (CATEM).<\/p>\n\n\n\n<p>En toda la\nzona hay bodegas, estacionamientos, locales comerciales, sanitarios para\nalquilar, que usufruct\u00faan las propias organizaciones de transportistas. En los\n\u00faltimos a\u00f1os se ha convertido tambi\u00e9n en \u00e1rea de disputa violenta, donde han\nocurrido, s\u00f3lo en este a\u00f1o, al menos tres asesinatos.<\/p>\n\n\n\n<p>El m\u00e1s reciente crimen sucedi\u00f3 el domingo 2 de junio, en que murieron baleados Ren\u00e9 Hern\u00e1ndez, representante de un sector de la CATEM, y su escolta, de cuyos cr\u00edmenes no hay hasta ahora personas detenidas<\/p>\n\n\n\n<figure class=\"wp-block-embed-twitter wp-block-embed is-type-rich is-provider-twitter\"><div class=\"wp-block-embed__wrapper\">\n<div class=\"twitter-tweet\"><blockquote class=\"twitter-tweet\" data-lang=\"es\"><p lang=\"es\" dir=\"ltr\">La Central de Abasto es el punto de comercio m\u00e1s grande de Oaxaca; trabajaremos junto al Pdte. <a href=\"https:\/\/twitter.com\/oswaldogarciaj?ref_src=twsrc%5Etfw\">@oswaldogarciaj<\/a> y l\u00edderes de la zona para mejorar las actividades comerciales y recuperar espacios p\u00fablicos de las y los oaxaque\u00f1os. Iniciaremos operativos de rescate en El Play\u00f3n. <a href=\"https:\/\/t.co\/hbWiOpaB7H\">pic.twitter.com\/hbWiOpaB7H<\/a><\/p>&mdash; Alejandro Murat (@alejandromurat) <a href=\"https:\/\/twitter.com\/alejandromurat\/status\/1141098462970372097?ref_src=twsrc%5Etfw\">18 de junio de 2019<\/a><\/blockquote><\/div>\n<\/div><\/figure>\n\n\n\n<p>EL\nCOMPROMISO<\/p>\n\n\n\n<p>\u201cHemos\ntrabajado de manera coordinada ya desde hace m\u00e1s de un mes, para realizar una\nserie de acciones de pol\u00edtica p\u00fablica para retomar el espacio p\u00fablico en la\nCentral de Abasto.<\/p>\n\n\n\n<p>\u201cAgradecer y\nreconocer la presencia de diversos liderazgos de la Central que se han sumado\nde manera incondicional al proyecto integral que se estar\u00e1 realizando en los siguientes\nmeses\u201d, anunci\u00f3 el gobernador Murat Hinojosa a trav\u00e9s de un video difundido en\nredes sociales.<\/p>\n\n\n\n<p>\u201cEl d\u00eda de\nhoy el anuncio tiene que ver con el primer acto de autoridad que estaremos\nllevando a cabo en esta zona, que es en el famoso play\u00f3n, al lado del r\u00edo\nAtoyac que como saben es un \u00e1rea concesionada a Conagua que por mucho tiempo se\nestuvo abandonada y se convirti\u00f3 en un \u00e1rea de nadie y de todos, en donde se\nllevaban a cabo actividades irregulares y en muchas ocasiones il\u00edcitas\u2026 Ah\u00ed\nvamos a instalar una Base de Operaciones Mixtas\u201d.<\/p>\n\n\n\n<p>Sin embargo, hasta cerca de las 22:00 horas de este martes, no se efectu\u00f3 ning\u00fan operativo de retiro de estructuras y locales en las riberas del r\u00edo \u201cAtoyac\u201d.<\/p>\n\n\n\n<figure class=\"wp-block-image\"><img decoding=\"async\" width=\"1024\" height=\"576\" src=\"http:\/\/www.zonaroja.com.mx\/wp-content\/uploads\/2019\/06\/Play\u00f3n-riberas-del-r\u00edo-Atoyac-2-1024x576.jpg\" alt=\"\" class=\"wp-image-1686\" srcset=\"https:\/\/zonaroja.com.mx\/wp-content\/uploads\/2019\/06\/Play\u00f3n-riberas-del-r\u00edo-Atoyac-2-1024x576.jpg 1024w, https:\/\/zonaroja.com.mx\/wp-content\/uploads\/2019\/06\/Play\u00f3n-riberas-del-r\u00edo-Atoyac-2-300x169.jpg 300w, https:\/\/zonaroja.com.mx\/wp-content\/uploads\/2019\/06\/Play\u00f3n-riberas-del-r\u00edo-Atoyac-2-768x432.jpg 768w, https:\/\/zonaroja.com.mx\/wp-content\/uploads\/2019\/06\/Play\u00f3n-riberas-del-r\u00edo-Atoyac-2-1170x658.jpg 1170w, https:\/\/zonaroja.com.mx\/wp-content\/uploads\/2019\/06\/Play\u00f3n-riberas-del-r\u00edo-Atoyac-2-585x329.jpg 585w, https:\/\/zonaroja.com.mx\/wp-content\/uploads\/2019\/06\/Play\u00f3n-riberas-del-r\u00edo-Atoyac-2.jpg 1280w\" sizes=\"(max-width: 1024px) 100vw, 1024px\" \/><figcaption>Foto: Zona Roja<\/figcaption><\/figure>\n","protected":false},"excerpt":{"rendered":"<p>Ismael Garc\u00eda M. Oaxaca de Ju\u00e1rez, Oax., 18 de junio de 2019.- Presuntamente ya consensuado&hellip;<\/p>\n","protected":false},"author":2,"featured_media":1685,"comment_status":"closed","ping_status":"open","sticky":false,"template":"","format":"standard","meta":{"_lmt_disableupdate":"","_lmt_disable":"","_jetpack_memberships_contains_paid_content":false,"footnotes":""},"categories":[109,51],"tags":[102,148,115,149],"class_list":["post-1684","post","type-post","status-publish","format-standard","has-post-thumbnail","hentry","category-minuto-a-minuto","category-zona-roja","tag-alejandro-murat","tag-oaxaca-de-juarez","tag-oswaldo-garcia-jarquin","tag-playon-riberas-del-rio-atoyac"],"jetpack_featured_media_url":"https:\/\/zonaroja.com.mx\/wp-content\/uploads\/2019\/06\/Play\u00f3n-riberas-del-r\u00edo-Atoyac-1.jpg","jetpack_sharing_enabled":true,"_links":{"self":[{"href":"https:\/\/zonaroja.com.mx\/index.php?rest_route=\/wp\/v2\/posts\/1684","targetHints":{"allow":["GET"]}}],"collection":[{"href":"https:\/\/zonaroja.com.mx\/index.php?rest_route=\/wp\/v2\/posts"}],"about":[{"href":"https:\/\/zonaroja.com.mx\/index.php?rest_route=\/wp\/v2\/types\/post"}],"author":[{"embeddable":true,"href":"https:\/\/zonaroja.com.mx\/index.php?rest_route=\/wp\/v2\/users\/2"}],"replies":[{"embeddable":true,"href":"https:\/\/zonaroja.com.mx\/index.php?rest_route=%2Fwp%2Fv2%2Fcomments&post=1684"}],"version-history":[{"count":1,"href":"https:\/\/zonaroja.com.mx\/index.php?rest_route=\/wp\/v2\/posts\/1684\/revisions"}],"predecessor-version":[{"id":1687,"href":"https:\/\/zonaroja.com.mx\/index.php?rest_route=\/wp\/v2\/posts\/1684\/revisions\/1687"}],"wp:featuredmedia":[{"embeddable":true,"href":"https:\/\/zonaroja.com.mx\/index.php?rest_route=\/wp\/v2\/media\/1685"}],"wp:attachment":[{"href":"https:\/\/zonaroja.com.mx\/index.php?rest_route=%2Fwp%2Fv2%2Fmedia&parent=1684"}],"wp:term":[{"taxonomy":"category","embeddable":true,"href":"https:\/\/zonaroja.com.mx\/index.php?rest_route=%2Fwp%2Fv2%2Fcategories&post=1684"},{"taxonomy":"post_tag","embeddable":true,"href":"https:\/\/zonaroja.com.mx\/index.php?rest_route=%2Fwp%2Fv2%2Ftags&post=1684"}],"curies":[{"name":"wp","href":"https:\/\/api.w.org\/{rel}","templated":true}]}}