{"id":16844,"date":"2020-08-26T22:04:53","date_gmt":"2020-08-27T03:04:53","guid":{"rendered":"http:\/\/www.zonaroja.com.mx\/?p=16844"},"modified":"2020-08-26T22:23:32","modified_gmt":"2020-08-27T03:23:32","slug":"dejan-lluvias-cuantiosos-danos-en-oaxaca-pero-proteccion-civil-no-tiene-cifras","status":"publish","type":"post","link":"https:\/\/zonaroja.com.mx\/?p=16844","title":{"rendered":"Dejan lluvias cuantiosos da\u00f1os en Oaxaca, pero Protecci\u00f3n Civil no tiene cifras"},"content":{"rendered":"\n<p>Redacci\u00f3n\/Zona Roja.<\/p>\n\n\n\n<p>Oaxaca de Ju\u00e1rez, Oax. 26 de agosto de 2020.- Sin precisar cifras de viviendas da\u00f1adas y familias perjudicadas, la Coordinaci\u00f3n Estatal de Protecci\u00f3n Civil de Oaxaca (CEPCO) del gobierno estatal inform\u00f3 que mantiene desplegado un operativo por los da\u00f1os generados por las lluvias de las \u00faltimas horas.<\/p>\n\n\n\n<p>En un comunicado, indic\u00f3 que las lluvias generadas por los remanentes de la zona de baja presi\u00f3n en combinaci\u00f3n con la Onda Tropical n\u00famero 31 han ocasionado da\u00f1os en las regiones de Cuenca del Papaloapan, Istmo, Costa, Sierra Norte y Sur.<\/p>\n\n\n\n<p>En Valle Nacional en la comunidad de San Antonio Otate se present\u00f3 un deslizamiento de ladera que afecto a cinco viviendas, en tanto, en la poblaci\u00f3n de Tres Mar\u00edas, las viviendas se inundaron por aguas del r\u00edo de la zona.<\/p>\n\n\n\n<p>En San Pedro Mixtepec, en la agencia de Puerto Escondido, sobre la carretera 175 cayeron \u00e1rboles debido a las fuertes lluvias, lo que g\u00e9nero que el Consejo Municipal de Protecci\u00f3n Civil se activara, al igual que lo hiciera el 54 Batall\u00f3n de Infanter\u00eda quien ha colaborado con la limpieza de las carreteras.<\/p>\n\n\n\n<p>En Pinotepa Nacional, en la comunidad de Corralero, el cierre de la bocabarra provoc\u00f3 que el fluvial pluvial afectar\u00e1 de manera directa a la poblaci\u00f3n, en la zona personal de la delegaci\u00f3n CEPCO a cargo Javier Ba\u00f1os Velasco, coordina acciones con la Polic\u00eda Estatal, el Ej\u00e9rcito Mexicano y la Guardia Nacional en apoyo a los afectados.<\/p>\n\n\n\n<p>En Sola de Vega a trav\u00e9s de sus autoridades reportaron una barda ca\u00edda, por la intensa lluvia, este caso ser\u00e1 atendido por el Consejo municipal de Protecci\u00f3n Civil; en tanto, en San Juan Ozolotepec personal de Caminos y Aeropistas de Oaxaca (CAO) trabaja para liberar la vialidad, luego de que se presentar\u00e1 un derrumbe a la altura del paraje el Balc\u00f3n, lo que dejo incomunicada esta zona.<\/p>\n\n\n\n<p>De igual manera, en San Crist\u00f3bal Lachirioag, residentes de CAO realizan acciones para liberar el camino afectado por un derrumbe, en Candelaria Loxicha sobre la carretera 175 trabaja personal de Protecci\u00f3n Civil Municipal para liberar la vialidad a la altura del paraje La Galera, mismo que fue obstruido por un movimiento de ladera.<\/p>\n\n\n\n<p>En la Villa de Tututepec, en la agencia de R\u00edo Grande, se report\u00f3 la ca\u00edda de dos bardas en viviendas construidas al margen de un arroyo de respuesta r\u00e1pida; mientras en Santa Mar\u00eda Tepantlali, un movimiento de ladera provoc\u00f3 la afectaci\u00f3n de tres viviendas.<\/p>\n\n\n\n<p>Un derrumbe mantiene incomunicada a la localidad del Rosario Temextitlan, en el municipio de San Pedro Y\u00f3lox, por lo que personal de las dependencias del estado trabajan para liberar la vialidad.<\/p>\n","protected":false},"excerpt":{"rendered":"<p>Redacci\u00f3n\/Zona Roja. Oaxaca de Ju\u00e1rez, Oax. 26 de agosto de 2020.- Sin precisar cifras de&hellip;<\/p>\n","protected":false},"author":2,"featured_media":16846,"comment_status":"closed","ping_status":"open","sticky":false,"template":"","format":"standard","meta":{"_lmt_disableupdate":"","_lmt_disable":"","_jetpack_memberships_contains_paid_content":false,"footnotes":""},"categories":[109,47],"tags":[212],"class_list":["post-16844","post","type-post","status-publish","format-standard","has-post-thumbnail","hentry","category-minuto-a-minuto","category-zona-gris","tag-coordinacion-estatal-de-proteccion-civil"],"jetpack_featured_media_url":"https:\/\/zonaroja.com.mx\/wp-content\/uploads\/2020\/08\/img_4067.jpg","jetpack_sharing_enabled":true,"_links":{"self":[{"href":"https:\/\/zonaroja.com.mx\/index.php?rest_route=\/wp\/v2\/posts\/16844","targetHints":{"allow":["GET"]}}],"collection":[{"href":"https:\/\/zonaroja.com.mx\/index.php?rest_route=\/wp\/v2\/posts"}],"about":[{"href":"https:\/\/zonaroja.com.mx\/index.php?rest_route=\/wp\/v2\/types\/post"}],"author":[{"embeddable":true,"href":"https:\/\/zonaroja.com.mx\/index.php?rest_route=\/wp\/v2\/users\/2"}],"replies":[{"embeddable":true,"href":"https:\/\/zonaroja.com.mx\/index.php?rest_route=%2Fwp%2Fv2%2Fcomments&post=16844"}],"version-history":[{"count":1,"href":"https:\/\/zonaroja.com.mx\/index.php?rest_route=\/wp\/v2\/posts\/16844\/revisions"}],"predecessor-version":[{"id":16845,"href":"https:\/\/zonaroja.com.mx\/index.php?rest_route=\/wp\/v2\/posts\/16844\/revisions\/16845"}],"wp:featuredmedia":[{"embeddable":true,"href":"https:\/\/zonaroja.com.mx\/index.php?rest_route=\/wp\/v2\/media\/16846"}],"wp:attachment":[{"href":"https:\/\/zonaroja.com.mx\/index.php?rest_route=%2Fwp%2Fv2%2Fmedia&parent=16844"}],"wp:term":[{"taxonomy":"category","embeddable":true,"href":"https:\/\/zonaroja.com.mx\/index.php?rest_route=%2Fwp%2Fv2%2Fcategories&post=16844"},{"taxonomy":"post_tag","embeddable":true,"href":"https:\/\/zonaroja.com.mx\/index.php?rest_route=%2Fwp%2Fv2%2Ftags&post=16844"}],"curies":[{"name":"wp","href":"https:\/\/api.w.org\/{rel}","templated":true}]}}