{"id":16847,"date":"2020-08-27T07:53:11","date_gmt":"2020-08-27T12:53:11","guid":{"rendered":"http:\/\/www.zonaroja.com.mx\/?p=16847"},"modified":"2020-08-27T07:53:15","modified_gmt":"2020-08-27T12:53:15","slug":"pese-a-ser-el-municipio-con-mas-contagios-por-covid-edil-de-oaxaca-ordena-abrir-bares","status":"publish","type":"post","link":"https:\/\/zonaroja.com.mx\/?p=16847","title":{"rendered":"Pese a ser el municipio con m\u00e1s contagios por Covid, edil de Oaxaca ordena abrir bares"},"content":{"rendered":"\n<p>Redacci\u00f3n\/Zona Roja.<\/p>\n\n\n\n<p>Oaxaca de Ju\u00e1rez, Oax., 27 de agosto de 2020.- A pesar de que es el municipio con mayor n\u00famero de contagios por Covid-19, el Cabildo de Oaxaca de Ju\u00e1rez encabezado por el edil Oswaldo Garc\u00eda Jarqu\u00edn, orden\u00f3 la apertura de bares y centros nocturnos.<\/p>\n\n\n\n<p>De acuerdo con el m\u00e1s reciente reporte de los Servicios de Salud de Oaxaca, tan s\u00f3lo en las \u00faltimas 24 horas, registr\u00f3 27 casos positivos, para sumar un total de tres mil 467 contagiados; en la Jurisdicci\u00f3n Sanitaria Valles Centrales, se registran ocho mil 650 casos y 650 defunciones.<\/p>\n\n\n\n<p>Ser\u00e1n los establecimientos comerciales con giro de bar, cantina, cervecer\u00eda, mezcaler\u00eda, centro botanero y similares que obtengan un \u201cPermiso temporal condicionado\u201d, a efecto de que puedan reanudar actividades bajo la modalidad de restaurante o restaurante-bar.<\/p>\n\n\n\n<p>El argumento de la autoridad municipal de la ciudad de Oaxaca fue \u201cpara mitigar el impacto econ\u00f3mico de las medidas de aislamiento social y suspensi\u00f3n de actividades de los establecimientos de control especial\u201d.<\/p>\n\n\n\n<p>\u201cCon esta propuesta muchos tendr\u00e1n la oportunidad de abrir bajo este condicionamiento especial que es temporal, y lo digo en t\u00e9rminos de que muchos meseros, meseras, cocineros, cocineras, empresarios de este giro, ver\u00e1n una luz en el t\u00fanel\u201d, dijo Garc\u00eda Jarqu\u00edn en un bolet\u00edn de prensa.<\/p>\n\n\n\n<p>Resalt\u00f3 \u201cque han sido ya cinco meses en los que negocios con este giro han tenido que permanecer cerrados y por siguiente han visto afectadas sus finanzas y las de sus empleados.<\/p>\n\n\n\n<p>\u201cHemos asumido la responsabilidad en el sentido de cuidar la salud, pero tampoco podemos ser omisos en la econom\u00eda, la recuperaci\u00f3n de los empleos y debemos darle la posibilidad a muchos hombres y mujeres de la capital de llevar de manera honesta el pan a su casa\u201d, puntualiz\u00f3, en la Sesi\u00f3n Ordinaria de Cabildo de este mi\u00e9rcoles, efectuada de manera virtual.<\/p>\n\n\n\n<p>Seg\u00fan el comunicado, quien no cumpla con las disposiciones sanitarias no solamente cerrar\u00e1 temporalmente sino inclusive hay t\u00e9rminos que ameritan el cierre inmediato del establecimiento comercial, as\u00ed como la revocaci\u00f3n definitiva del permiso temporal.<\/p>\n\n\n\n<p>La medida ser\u00e1 aplicable en tanto el sem\u00e1foro de riesgo epidemiol\u00f3gico para el estado de Oaxaca se mantenga en indicador naranja, para lo cual los establecimientos de control especial deber\u00e1n formalizar su petici\u00f3n de forma individual ante la Direcci\u00f3n de Econom\u00eda. Para ello, deber\u00e1n presentar c\u00e9dula actualizada de revalidaci\u00f3n al Padr\u00f3n Fiscal Municipal de su licencia, adem\u00e1s de una carta compromiso de que operar\u00e1n con venta de bebidas alcoh\u00f3licas s\u00f3lo con alimentos, d\u00e1ndole prioridad a estos \u00faltimos.<\/p>\n\n\n\n<p>Tambi\u00e9n contempla una carta, bajo protesta de decir verdad, en la que se asiente que cuentan con las condiciones necesarias que les permitan proporcionar el servicio de alimentos, la cual deber\u00e1 estar acompa\u00f1ada de al menos cinco fotograf\u00edas a color que permitan validar tales condiciones, as\u00ed como una constancia de manejo de alimentos expedida por la Subdirecci\u00f3n de Control Sanitario.<\/p>\n","protected":false},"excerpt":{"rendered":"<p>Redacci\u00f3n\/Zona Roja. Oaxaca de Ju\u00e1rez, Oax., 27 de agosto de 2020.- A pesar de que&hellip;<\/p>\n","protected":false},"author":2,"featured_media":14702,"comment_status":"closed","ping_status":"open","sticky":false,"template":"","format":"standard","meta":{"_lmt_disableupdate":"","_lmt_disable":"","_jetpack_memberships_contains_paid_content":false,"footnotes":""},"categories":[109,47],"tags":[1512,115],"class_list":["post-16847","post","type-post","status-publish","format-standard","has-post-thumbnail","hentry","category-minuto-a-minuto","category-zona-gris","tag-coronavirus-oaxaca","tag-oswaldo-garcia-jarquin"],"jetpack_featured_media_url":"https:\/\/zonaroja.com.mx\/wp-content\/uploads\/2020\/07\/IMG_6755.png","jetpack_sharing_enabled":true,"_links":{"self":[{"href":"https:\/\/zonaroja.com.mx\/index.php?rest_route=\/wp\/v2\/posts\/16847","targetHints":{"allow":["GET"]}}],"collection":[{"href":"https:\/\/zonaroja.com.mx\/index.php?rest_route=\/wp\/v2\/posts"}],"about":[{"href":"https:\/\/zonaroja.com.mx\/index.php?rest_route=\/wp\/v2\/types\/post"}],"author":[{"embeddable":true,"href":"https:\/\/zonaroja.com.mx\/index.php?rest_route=\/wp\/v2\/users\/2"}],"replies":[{"embeddable":true,"href":"https:\/\/zonaroja.com.mx\/index.php?rest_route=%2Fwp%2Fv2%2Fcomments&post=16847"}],"version-history":[{"count":1,"href":"https:\/\/zonaroja.com.mx\/index.php?rest_route=\/wp\/v2\/posts\/16847\/revisions"}],"predecessor-version":[{"id":16848,"href":"https:\/\/zonaroja.com.mx\/index.php?rest_route=\/wp\/v2\/posts\/16847\/revisions\/16848"}],"wp:featuredmedia":[{"embeddable":true,"href":"https:\/\/zonaroja.com.mx\/index.php?rest_route=\/wp\/v2\/media\/14702"}],"wp:attachment":[{"href":"https:\/\/zonaroja.com.mx\/index.php?rest_route=%2Fwp%2Fv2%2Fmedia&parent=16847"}],"wp:term":[{"taxonomy":"category","embeddable":true,"href":"https:\/\/zonaroja.com.mx\/index.php?rest_route=%2Fwp%2Fv2%2Fcategories&post=16847"},{"taxonomy":"post_tag","embeddable":true,"href":"https:\/\/zonaroja.com.mx\/index.php?rest_route=%2Fwp%2Fv2%2Ftags&post=16847"}],"curies":[{"name":"wp","href":"https:\/\/api.w.org\/{rel}","templated":true}]}}