{"id":16852,"date":"2020-08-27T10:16:15","date_gmt":"2020-08-27T15:16:15","guid":{"rendered":"http:\/\/www.zonaroja.com.mx\/?p=16852"},"modified":"2020-08-27T10:16:19","modified_gmt":"2020-08-27T15:16:19","slug":"gremio-empresarial-si-conocian-la-iniciativa-de-ley-anti-chararra-magaly-lopez","status":"publish","type":"post","link":"https:\/\/zonaroja.com.mx\/?p=16852","title":{"rendered":"Gremio empresarial s\u00ed conoc\u00edan la iniciativa de ley anti \u201cchararra\u201d: Magaly L\u00f3pez"},"content":{"rendered":"\n<p>Evlin Arag\u00f3n\/Zona Roja.<\/p>\n\n\n\n<p>Oaxaca de Ju\u00e1rez, Oax., 27 de agosto de 2020.- La diputada Magaly L\u00f3pez Dom\u00ednguez, asegur\u00f3 que el gremio empresarial de Oaxaca conoc\u00eda la propuesta que present\u00f3, se discuti\u00f3 al interior de la Comisi\u00f3n de Grupos Vulnerables y aprob\u00f3 el pleno, el cual proh\u00edbe la distribuci\u00f3n, venta, regalo y suministro a menores de edad, de bebidas azucaradas y alimentos envasados de alto contenido cal\u00f3rico, conocida como comida \u201cchatarra\u201d.<\/p>\n\n\n\n<p>Lo anterior luego de la movilizaci\u00f3n que se registr\u00f3 este mi\u00e9rcoles en la capital de Oaxaca, encabezada por integrantes de la Asociaci\u00f3n Nacional de Peque\u00f1os Comerciantes (ANPEC), quienes se hicieron acompa\u00f1ar de pobladores de la regi\u00f3n de la Mixteca y declararon su oposici\u00f3n a la ahora conocida como ley anti \u201cchatarra\u201d.<\/p>\n\n\n\n<p>L\u00f3pez Dom\u00ednguez asegur\u00f3 que hubo reuniones con el gremio empresarial, incluso existen listas de asistencia de las personas que se dieron cita para conocer la iniciativa meses atr\u00e1s y d\u00edas antes de su discusi\u00f3n en el pleno, por lo que es mentira el dicho de que no fueron tomados en cuenta a la hora en el planteamiento.&nbsp;&nbsp;&nbsp;<\/p>\n\n\n\n<p>\u201cSiempre lo hemos dicho el Congreso de Oaxaca es abierto, siempre escuchamos a todas las partes, ustedes ven que se les da publicidad a los dict\u00e1menes, para eso son las sesiones para que conozca la gente que es lo que se est\u00e1 presentando, si no se acercaron desconozco cuales fueron las causas\u201d, manifest\u00f3 en entrevista.&nbsp;&nbsp;&nbsp;<\/p>\n\n\n\n<p>De acuerdo con la legisladora, la afectaci\u00f3n econ\u00f3mica que aseguran traer\u00e1 la ley a la econom\u00eda local no es real, toda vez que la prohibici\u00f3n solo es a menores de edad, por lo que las personas adultas &#8211;que adem\u00e1s son las que tienen el poder adquisitivo&#8211; podr\u00e1n seguir realizando la compra, bajo el conocimiento de que se trata de productos da\u00f1inos para su salud.\u00a0<\/p>\n\n\n\n<figure class=\"wp-block-embed-twitter wp-block-embed is-type-rich is-provider-twitter\"><div class=\"wp-block-embed__wrapper\">\n<div class=\"twitter-tweet\"><blockquote class=\"twitter-tweet\" data-lang=\"es\"><p lang=\"es\" dir=\"ltr\"><a href=\"https:\/\/twitter.com\/hashtag\/OaxacaSaludable?src=hash&amp;ref_src=twsrc%5Etfw\">#OaxacaSaludable<\/a><br>(2) Tras la manifestaci\u00f3n de comerciantes y pobladores de la Mixteca, la diputada <a href=\"https:\/\/twitter.com\/Magaly_LopezOax?ref_src=twsrc%5Etfw\">@Magaly_LopezOax<\/a> reiter\u00f3 que hubo consenso con todos los sectores para lograr prohibir la venta de alimentos \u201cchatarra\u201d a menores; rechaz\u00f3 que se afecte a negocios. <a href=\"https:\/\/t.co\/JRIpon7pwX\">pic.twitter.com\/JRIpon7pwX<\/a><\/p>&mdash; Zona Roja Oaxaca (@MexRoja) <a href=\"https:\/\/twitter.com\/MexRoja\/status\/1298739056445095936?ref_src=twsrc%5Etfw\">26 de agosto de 2020<\/a><\/blockquote><\/div>\n<\/div><\/figure>\n\n\n\n<p>Con relaci\u00f3n a la movilizaci\u00f3n de este mi\u00e9rcoles, L\u00f3pez Dom\u00ednguez indic\u00f3 que entiende que el gremio empresarial est\u00e1 cuidando sus intereses; sin embargo, les record\u00f3 que hay otros productos alternativos que se pueden expender, incluso retomar lo que se produce de forma local &#8211;frutas y semillas&#8211; para contribuir en la prevenci\u00f3n de enfermedades derivadas del alto contenido cal\u00f3rico, azucares y grasas de algunos alimentos.&nbsp;<\/p>\n\n\n\n<p>Finalmente, hizo un llamado al gobernador, Alejandro Murat Hinojosa, para que anteponga el inter\u00e9s superior de la ni\u00f1ez y se publique lo m\u00e1s pronto posible el dictamen aprobado el pasado 5 de agosto al interior del Congreso, por el cual se modifica el art\u00edculo 20 BIS a la Ley de los Derechos de Ni\u00f1as, Ni\u00f1os y Adolescentes.<\/p>\n\n\n\n<p>\u201cYo conf\u00edo en que s\u00ed se publicar\u00e1, hoy m\u00e1s que nunca nos damos cuenta del estado de vulnerabilidad que tenemos en nuestra salud los mexicanos, los oaxaque\u00f1os y sobre todo nuestros ni\u00f1os, desafortunadamente el \u00edndice de obesidad infantil esta aumentado y si no la frenamos ahora tendr\u00e1 graves consecuencias ma\u00f1ana\u201d, sentenci\u00f3.&nbsp;&nbsp;<\/p>\n","protected":false},"excerpt":{"rendered":"<p>Evlin Arag\u00f3n\/Zona Roja. Oaxaca de Ju\u00e1rez, Oax., 27 de agosto de 2020.- La diputada Magaly&hellip;<\/p>\n","protected":false},"author":2,"featured_media":16853,"comment_status":"closed","ping_status":"open","sticky":false,"template":"","format":"standard","meta":{"_lmt_disableupdate":"","_lmt_disable":"","_jetpack_memberships_contains_paid_content":false,"footnotes":""},"categories":[109,46],"tags":[192],"class_list":["post-16852","post","type-post","status-publish","format-standard","has-post-thumbnail","hentry","category-minuto-a-minuto","category-zona-blanca","tag-diputada-magaly-lopez-dominguez"],"jetpack_featured_media_url":"https:\/\/zonaroja.com.mx\/wp-content\/uploads\/2020\/08\/Magaly-Lopez.png","jetpack_sharing_enabled":true,"_links":{"self":[{"href":"https:\/\/zonaroja.com.mx\/index.php?rest_route=\/wp\/v2\/posts\/16852","targetHints":{"allow":["GET"]}}],"collection":[{"href":"https:\/\/zonaroja.com.mx\/index.php?rest_route=\/wp\/v2\/posts"}],"about":[{"href":"https:\/\/zonaroja.com.mx\/index.php?rest_route=\/wp\/v2\/types\/post"}],"author":[{"embeddable":true,"href":"https:\/\/zonaroja.com.mx\/index.php?rest_route=\/wp\/v2\/users\/2"}],"replies":[{"embeddable":true,"href":"https:\/\/zonaroja.com.mx\/index.php?rest_route=%2Fwp%2Fv2%2Fcomments&post=16852"}],"version-history":[{"count":1,"href":"https:\/\/zonaroja.com.mx\/index.php?rest_route=\/wp\/v2\/posts\/16852\/revisions"}],"predecessor-version":[{"id":16854,"href":"https:\/\/zonaroja.com.mx\/index.php?rest_route=\/wp\/v2\/posts\/16852\/revisions\/16854"}],"wp:featuredmedia":[{"embeddable":true,"href":"https:\/\/zonaroja.com.mx\/index.php?rest_route=\/wp\/v2\/media\/16853"}],"wp:attachment":[{"href":"https:\/\/zonaroja.com.mx\/index.php?rest_route=%2Fwp%2Fv2%2Fmedia&parent=16852"}],"wp:term":[{"taxonomy":"category","embeddable":true,"href":"https:\/\/zonaroja.com.mx\/index.php?rest_route=%2Fwp%2Fv2%2Fcategories&post=16852"},{"taxonomy":"post_tag","embeddable":true,"href":"https:\/\/zonaroja.com.mx\/index.php?rest_route=%2Fwp%2Fv2%2Ftags&post=16852"}],"curies":[{"name":"wp","href":"https:\/\/api.w.org\/{rel}","templated":true}]}}