{"id":16860,"date":"2020-08-27T14:24:28","date_gmt":"2020-08-27T19:24:28","guid":{"rendered":"http:\/\/www.zonaroja.com.mx\/?p=16860"},"modified":"2020-08-27T14:24:34","modified_gmt":"2020-08-27T19:24:34","slug":"denuncia-activista-que-restauranteros-se-aduenan-de-portal-historico-retira-vallas","status":"publish","type":"post","link":"https:\/\/zonaroja.com.mx\/?p=16860","title":{"rendered":"Denuncia activista que restauranteros se adue\u00f1an de portal hist\u00f3rico; retira vallas"},"content":{"rendered":"\n<p>Yuridiana Sosa\/Zona Roja.<\/p>\n\n\n\n<p>Oaxaca de Ju\u00e1rez, Oax., 27 de agosto de 2020.- Ante el bloqueo e invasi\u00f3n de la banqueta del portal Las Flores, a un costado del z\u00f3calo de la capital de Oaxaca, por parte los restauranteros, el pintor Markoa V\u00e1zquez retir\u00f3 macetas, cadenas y mesas que obstruyen el paso peatonal, las cuales volvieron a ser reinstalados.<\/p>\n\n\n\n<p>El activista se moviliz\u00f3 al mediod\u00eda de hoy en protesta ante el abuso de los empresarios, uno de ellos el ex presidente de la capital, Luis Ugartechea Begu\u00e9, as\u00ed como de la inacci\u00f3n del ayuntamiento de Oaxaca de Ju\u00e1rez para permitir la apropiaci\u00f3n de espacios p\u00fablicos.<\/p>\n\n\n\n<p>Con el paso de los a\u00f1os, los restauranteros han igualado al comercio informal con la invasi\u00f3n paulatina de banquetas. De forma discreta y con supuestos adornos, los empresarios han extendido la instalaci\u00f3n de sus mesas en el exterior de sus establecimientos.<\/p>\n\n\n\n<p>Sin embargo, en el transcurso de la pandemia se registr\u00f3 el cierre total del acceso debajo del pasillo de los portales y las banquetas frente a los restaurantes. Instalaron herrer\u00eda que funciona supuestamente como jardineras, as\u00ed como macetas encadenadas una con otras para formar vallas que protegen el per\u00edmetro del lugar.<\/p>\n\n\n\n<figure class=\"wp-block-embed-twitter wp-block-embed is-type-rich is-provider-twitter\"><div class=\"wp-block-embed__wrapper\">\n<div class=\"twitter-tweet\"><blockquote class=\"twitter-tweet\" data-lang=\"es\"><p lang=\"es\" dir=\"ltr\"><a href=\"https:\/\/twitter.com\/hashtag\/ENVIVO?src=hash&amp;ref_src=twsrc%5Etfw\">#ENVIVO<\/a> <br>Oaxaca de Ju\u00e1rez, Oax., 27 de agosto de 2020.-El pintor Markoa V\u00e1squez retir\u00f3 hoy macetas y rejas que invaden \u00e1reas p\u00fablicas u que fueron invadidas por restaurantes en el portal de Las Flores,centro de la ciudad de Oaxaca. <br>\ud83d\udc47<br>Aqu\u00ed la transmisi\u00f3n:<a href=\"https:\/\/t.co\/Di3yf5SA6I\">https:\/\/t.co\/Di3yf5SA6I<\/a> <a href=\"https:\/\/t.co\/RW6yRr66Et\">pic.twitter.com\/RW6yRr66Et<\/a><\/p>&mdash; Zona Roja Oaxaca (@MexRoja) <a href=\"https:\/\/twitter.com\/MexRoja\/status\/1299033172533944322?ref_src=twsrc%5Etfw\">27 de agosto de 2020<\/a><\/blockquote><\/div>\n<\/div><\/figure>\n\n\n\n<p>Trabajadores de los restaurantes confrontaron al pintor y justificaron que cuentan con permisos del gobierno municipal para invadir las banquetas como una medida de sana distancia entre los comensales ante la contingencia sanitaria por Covid, lo cual corresponde a un requisito para operar.<\/p>\n\n\n\n<p>Markoa V\u00e1zquez indic\u00f3 que el reglamento del Centro Hist\u00f3rico no permite ese tipo de modificaciones a las fachadas que forman parte de esta zona en la capital del estado.<\/p>\n\n\n\n<p>Tras la protesta del pintor, los empleados de los portales reinstalaron la valla frente a los establecimientos, por lo que el paso sigue restringido al resto de la poblaci\u00f3n.<\/p>\n\n\n\n<figure class=\"wp-block-embed-twitter wp-block-embed is-type-rich is-provider-twitter\"><div class=\"wp-block-embed__wrapper\">\n<div class=\"twitter-tweet\"><blockquote class=\"twitter-tweet\" data-lang=\"es\"><p lang=\"es\" dir=\"ltr\"><a href=\"https:\/\/twitter.com\/hashtag\/%C3%9AltimaHora?src=hash&amp;ref_src=twsrc%5Etfw\">#\u00daltimaHora<\/a> <br>Esta fue la acci\u00f3n que realiz\u00f3 el artista pl\u00e1stico y activista Markoa V\u00e1squez, para recriminar a la iniciativa privada que se halla adue\u00f1ado del portal de Las Flores de la ciudad de Oaxaca, frente a la indolencia del <a href=\"https:\/\/twitter.com\/MunicipioOaxaca?ref_src=twsrc%5Etfw\">@MunicipioOaxaca<\/a>. <a href=\"https:\/\/t.co\/xXtjLzE2EH\">pic.twitter.com\/xXtjLzE2EH<\/a><\/p>&mdash; Zona Roja Oaxaca (@MexRoja) <a href=\"https:\/\/twitter.com\/MexRoja\/status\/1299052526692700167?ref_src=twsrc%5Etfw\">27 de agosto de 2020<\/a><\/blockquote><\/div>\n<\/div><\/figure>\n","protected":false},"excerpt":{"rendered":"<p>Yuridiana Sosa\/Zona Roja. Oaxaca de Ju\u00e1rez, Oax., 27 de agosto de 2020.- Ante el bloqueo&hellip;<\/p>\n","protected":false},"author":2,"featured_media":16861,"comment_status":"closed","ping_status":"open","sticky":false,"template":"","format":"standard","meta":{"_lmt_disableupdate":"","_lmt_disable":"","_jetpack_memberships_contains_paid_content":false,"footnotes":""},"categories":[109,47],"tags":[1966],"class_list":["post-16860","post","type-post","status-publish","format-standard","has-post-thumbnail","hentry","category-minuto-a-minuto","category-zona-gris","tag-markoa-vasquez"],"jetpack_featured_media_url":"https:\/\/zonaroja.com.mx\/wp-content\/uploads\/2020\/08\/Markoa-Vasquez.png","jetpack_sharing_enabled":true,"_links":{"self":[{"href":"https:\/\/zonaroja.com.mx\/index.php?rest_route=\/wp\/v2\/posts\/16860","targetHints":{"allow":["GET"]}}],"collection":[{"href":"https:\/\/zonaroja.com.mx\/index.php?rest_route=\/wp\/v2\/posts"}],"about":[{"href":"https:\/\/zonaroja.com.mx\/index.php?rest_route=\/wp\/v2\/types\/post"}],"author":[{"embeddable":true,"href":"https:\/\/zonaroja.com.mx\/index.php?rest_route=\/wp\/v2\/users\/2"}],"replies":[{"embeddable":true,"href":"https:\/\/zonaroja.com.mx\/index.php?rest_route=%2Fwp%2Fv2%2Fcomments&post=16860"}],"version-history":[{"count":1,"href":"https:\/\/zonaroja.com.mx\/index.php?rest_route=\/wp\/v2\/posts\/16860\/revisions"}],"predecessor-version":[{"id":16862,"href":"https:\/\/zonaroja.com.mx\/index.php?rest_route=\/wp\/v2\/posts\/16860\/revisions\/16862"}],"wp:featuredmedia":[{"embeddable":true,"href":"https:\/\/zonaroja.com.mx\/index.php?rest_route=\/wp\/v2\/media\/16861"}],"wp:attachment":[{"href":"https:\/\/zonaroja.com.mx\/index.php?rest_route=%2Fwp%2Fv2%2Fmedia&parent=16860"}],"wp:term":[{"taxonomy":"category","embeddable":true,"href":"https:\/\/zonaroja.com.mx\/index.php?rest_route=%2Fwp%2Fv2%2Fcategories&post=16860"},{"taxonomy":"post_tag","embeddable":true,"href":"https:\/\/zonaroja.com.mx\/index.php?rest_route=%2Fwp%2Fv2%2Ftags&post=16860"}],"curies":[{"name":"wp","href":"https:\/\/api.w.org\/{rel}","templated":true}]}}