{"id":16865,"date":"2020-08-27T15:33:02","date_gmt":"2020-08-27T20:33:02","guid":{"rendered":"http:\/\/www.zonaroja.com.mx\/?p=16865"},"modified":"2020-08-27T15:33:06","modified_gmt":"2020-08-27T20:33:06","slug":"pide-diputado-suspension-de-otras-dos-licitaciones-millonarias-e-irregulares","status":"publish","type":"post","link":"https:\/\/zonaroja.com.mx\/?p=16865","title":{"rendered":"Pide diputado suspensi\u00f3n de otras dos licitaciones millonarias e irregulares"},"content":{"rendered":"\n<p>Yuridiana Sosa\/Zona Roja.<\/p>\n\n\n\n<p>Oaxaca de Ju\u00e1rez, Oax., 27 de agosto de 2020.- Por las presuntas irregularidades que presentan las licitaciones otorgadas por la Secretar\u00eda de Finanzas (Sefin), con un monto aproximado a los 75 millones de pesos, el diputado C\u00e9sar Morales solicit\u00f3 la investigaci\u00f3n y la cancelaci\u00f3n de dichos procesos.<\/p>\n\n\n\n<p>Durante sesi\u00f3n del pleno de la 64 Legislatura de Oaxaca, este mi\u00e9rcoles, el diputado del Partido del Trabajo expuso las anomal\u00edas registradas para la contrataci\u00f3n de empresas en el transcurso del actual sexenio.<\/p>\n\n\n\n<p>Cit\u00f3 como el m\u00e1s reciente caso, de la Direcci\u00f3n de Tecnolog\u00edas e Innovaci\u00f3n, con la licitaci\u00f3n p\u00fablica nacional LPN-SA-SF-0014-08\/2020 relativa a la contrataci\u00f3n de un servicio integral para el aprovechamiento, instalaci\u00f3n, configuraci\u00f3n de componentes y habilitadores y puesta a punto de la infraestructura de telecomunicaciones, para Ciudad Judicial, por un monto de 49 millones 987 mil 729 pesos.<\/p>\n\n\n\n<p>En el proceso, la empresa contratada fue la \u00fanica empresa participante, la cual present\u00f3 copias simples, situaci\u00f3n que es motivo de descalificaci\u00f3n.<\/p>\n\n\n\n<figure class=\"wp-block-embed-twitter wp-block-embed is-type-rich is-provider-twitter\"><div class=\"wp-block-embed__wrapper\">\n<div class=\"twitter-tweet\"><blockquote class=\"twitter-tweet\" data-lang=\"es\"><p lang=\"es\" dir=\"ltr\">Tras las revelaciones de <a href=\"https:\/\/twitter.com\/Gelosnivon?ref_src=twsrc%5Etfw\">@Gelosnivon<\/a> en <a href=\"https:\/\/twitter.com\/esprimeralinea?ref_src=twsrc%5Etfw\">@esprimeralinea<\/a>, el diputado <a href=\"https:\/\/twitter.com\/cesarmoralesn?ref_src=twsrc%5Etfw\">@cesarmoralesn<\/a> critic\u00f3 hoy que sigan las irregularidades en las licitaciones p\u00fablicas del <a href=\"https:\/\/twitter.com\/GobOax?ref_src=twsrc%5Etfw\">@goboax<\/a>, ahora en la Direcci\u00f3n de Tecnolog\u00edas e Innovaci\u00f3n; urgi\u00f3 a suspender uno de los procesos e iniciar indagatorias. <a href=\"https:\/\/t.co\/MVuOGBDCmk\">pic.twitter.com\/MVuOGBDCmk<\/a><\/p>&mdash; Zona Roja Oaxaca (@MexRoja) <a href=\"https:\/\/twitter.com\/MexRoja\/status\/1298792943638241281?ref_src=twsrc%5Etfw\">27 de agosto de 2020<\/a><\/blockquote><\/div>\n<\/div><\/figure>\n\n\n\n<p>As\u00ed tambi\u00e9n se\u00f1al\u00f3 posibles actos de corrupci\u00f3n en la licitaci\u00f3n p\u00fablica estatal LPE-SA-SF-0027-11\/2017, para la contrataci\u00f3n de servicios para la creaci\u00f3n del dise\u00f1o, arquitectura, implementaci\u00f3n y puesta a punto del Sistema Estatal de Finanzas p\u00fablicas de Oaxaca, por un monto de 24 millones de pesos.<\/p>\n\n\n\n<p>Dijo que ambas situaciones fueron abordadas en la Comisi\u00f3n Permanente de Vigilancia del Sistema Estatal de Combate a la Corrupci\u00f3n, donde se acord\u00f3 emitir un llamado a los titulares de la Secretar\u00eda de la Contralor\u00eda y Transparencia Gubernamental, as\u00ed como del \u00d3rgano Superior de Fiscalizaci\u00f3n para que, en el \u00e1mbito de sus competencias, realicen las investigaciones correspondientes.<\/p>\n\n\n\n<p>Recientemente el pasado 20 de agosto el congreso de Oaxaca tambi\u00e9n aprob\u00f3 exhortar al gobernador Alejandro Murat echar abajo la Licitaci\u00f3n P\u00fablica Estatal SEMAEDESO\/SCCRNB\/DRNB\/LPE\/01\/2020, por presentar diversas irregularidades cometidas por el personal de la Secretar\u00eda del Medio Ambiente, Energ\u00edas y Desarrollo Sustentable, dependencia que encabeza Samuel Gurri\u00f3n Mat\u00edas.<\/p>\n\n\n\n<p>Este proceso estaba dirigido para el estudio de diagn\u00f3stico y planeaci\u00f3n integral para el saneamiento de las aguas residuales de los r\u00edos \u201cAtoyac\u201d y \u201cSalado\u201d, en municipios de la regi\u00f3n de Valles Centrales.<\/p>\n","protected":false},"excerpt":{"rendered":"<p>Yuridiana Sosa\/Zona Roja. Oaxaca de Ju\u00e1rez, Oax., 27 de agosto de 2020.- Por las presuntas&hellip;<\/p>\n","protected":false},"author":2,"featured_media":16867,"comment_status":"closed","ping_status":"open","sticky":false,"template":"","format":"standard","meta":{"_lmt_disableupdate":"","_lmt_disable":"","_jetpack_memberships_contains_paid_content":false,"footnotes":""},"categories":[109,47],"tags":[612],"class_list":["post-16865","post","type-post","status-publish","format-standard","has-post-thumbnail","hentry","category-minuto-a-minuto","category-zona-gris","tag-cesar-morales-nino"],"jetpack_featured_media_url":"https:\/\/zonaroja.com.mx\/wp-content\/uploads\/2020\/08\/Cesar-Morales-Ni.jpg","jetpack_sharing_enabled":true,"_links":{"self":[{"href":"https:\/\/zonaroja.com.mx\/index.php?rest_route=\/wp\/v2\/posts\/16865","targetHints":{"allow":["GET"]}}],"collection":[{"href":"https:\/\/zonaroja.com.mx\/index.php?rest_route=\/wp\/v2\/posts"}],"about":[{"href":"https:\/\/zonaroja.com.mx\/index.php?rest_route=\/wp\/v2\/types\/post"}],"author":[{"embeddable":true,"href":"https:\/\/zonaroja.com.mx\/index.php?rest_route=\/wp\/v2\/users\/2"}],"replies":[{"embeddable":true,"href":"https:\/\/zonaroja.com.mx\/index.php?rest_route=%2Fwp%2Fv2%2Fcomments&post=16865"}],"version-history":[{"count":1,"href":"https:\/\/zonaroja.com.mx\/index.php?rest_route=\/wp\/v2\/posts\/16865\/revisions"}],"predecessor-version":[{"id":16868,"href":"https:\/\/zonaroja.com.mx\/index.php?rest_route=\/wp\/v2\/posts\/16865\/revisions\/16868"}],"wp:featuredmedia":[{"embeddable":true,"href":"https:\/\/zonaroja.com.mx\/index.php?rest_route=\/wp\/v2\/media\/16867"}],"wp:attachment":[{"href":"https:\/\/zonaroja.com.mx\/index.php?rest_route=%2Fwp%2Fv2%2Fmedia&parent=16865"}],"wp:term":[{"taxonomy":"category","embeddable":true,"href":"https:\/\/zonaroja.com.mx\/index.php?rest_route=%2Fwp%2Fv2%2Fcategories&post=16865"},{"taxonomy":"post_tag","embeddable":true,"href":"https:\/\/zonaroja.com.mx\/index.php?rest_route=%2Fwp%2Fv2%2Ftags&post=16865"}],"curies":[{"name":"wp","href":"https:\/\/api.w.org\/{rel}","templated":true}]}}