{"id":16869,"date":"2020-08-27T15:40:16","date_gmt":"2020-08-27T20:40:16","guid":{"rendered":"http:\/\/www.zonaroja.com.mx\/?p=16869"},"modified":"2020-08-27T15:40:19","modified_gmt":"2020-08-27T20:40:19","slug":"demandan-que-en-oaxaca-personas-indigenas-dirijan-organos-autonomos","status":"publish","type":"post","link":"https:\/\/zonaroja.com.mx\/?p=16869","title":{"rendered":"Demandan que en Oaxaca personas ind\u00edgenas dirijan \u00f3rganos aut\u00f3nomos"},"content":{"rendered":"\n<p>Redacci\u00f3n\/Zona Roja.<\/p>\n\n\n\n<p>&nbsp;Oaxaca de Ju\u00e1rez, Oax., 27 de agosto 2020.- La diputada Elisa Zepeda Lagunas present\u00f3 a la 64 Cuarta Legislatura del Congreso local, la iniciativa con proyecto de decreto por la que se busca reformar diversos art\u00edculos de la Ley de Acceso a la Informaci\u00f3n P\u00fablica del Estado de Oaxaca.<\/p>\n\n\n\n<p>Lo anterior con el objetivo de que las personas ind\u00edgenas tengan la oportunidad de ocupar espacios de decisi\u00f3n, no solo en cargos de elecci\u00f3n popular, sino tambi\u00e9n en aquellos que son designados directamente para integrar los \u00f3rganos aut\u00f3nomos.<\/p>\n\n\n\n<p>En primera instancia, se propone que la Junta de Coordinaci\u00f3n Pol\u00edtica (Jucopo) del Congreso, en conjunto con la Comisi\u00f3n permanente de Transparencia, Acceso a la Informaci\u00f3n y Congreso Abierto, adopten las acciones afirmativas que considere oportunas para procurar la paridad de g\u00e9nero y la inclusi\u00f3n de personas ind\u00edgenas en la participaci\u00f3n y designaci\u00f3n de la persona comisionada del Instituto de Acceso a la Informaci\u00f3n P\u00fablica y Protecci\u00f3n de Datos Personales de Oaxaca.<\/p>\n\n\n\n<p>De igual forma, se pretende que por \u00fanica ocasi\u00f3n el proceso inmediato para la designaci\u00f3n de la persona Comisionada la convocatoria debe dirigirse exclusivamente para mujeres ind\u00edgenas.<\/p>\n\n\n\n<p>En su exposici\u00f3n, la diputada por Morena indic\u00f3 que en las \u00faltimas d\u00e9cadas, los derechos ind\u00edgenas han exigido una defensa y protecci\u00f3n basada en esa diversidad y pluralidad cultural, pero al mismo tiempo, han reclamado que se tome en cuenta la especificidad hist\u00f3rica de cada pueblo y comunidad.<\/p>\n\n\n\n<p>Raz\u00f3n por la que dijo, resulta importante hacer visibles situaciones que les permitan participar y tomar decisiones sobre el rumbo que desean seguir para el buen vivir y la satisfacci\u00f3n plena de sus derechos como personas, pueblos y comunidades ind\u00edgenas.<\/p>\n\n\n\n<p>La iniciativa de reforma al art\u00edculo 83 y el primer p\u00e1rrafo del art\u00edculo 84; y adici\u00f3n al segundo p\u00e1rrafo a la fracci\u00f3n I del art\u00edculo 84 de la Ley de Transparencia y Acceso a la Informaci\u00f3n P\u00fablica para el Estado de Oaxaca, se turn\u00f3 a la comisi\u00f3n correspondiente para su an\u00e1lisis y dictamen.<\/p>\n","protected":false},"excerpt":{"rendered":"<p>Redacci\u00f3n\/Zona Roja. &nbsp;Oaxaca de Ju\u00e1rez, Oax., 27 de agosto 2020.- La diputada Elisa Zepeda Lagunas&hellip;<\/p>\n","protected":false},"author":2,"featured_media":16870,"comment_status":"closed","ping_status":"open","sticky":false,"template":"","format":"standard","meta":{"_lmt_disableupdate":"","_lmt_disable":"","_jetpack_memberships_contains_paid_content":false,"footnotes":""},"categories":[109,46],"tags":[215],"class_list":["post-16869","post","type-post","status-publish","format-standard","has-post-thumbnail","hentry","category-minuto-a-minuto","category-zona-blanca","tag-elisa-zepeda-lagunas"],"jetpack_featured_media_url":"https:\/\/zonaroja.com.mx\/wp-content\/uploads\/2020\/08\/Busca-Elisa-Zepeda-organismos-autonomos.jpeg","jetpack_sharing_enabled":true,"_links":{"self":[{"href":"https:\/\/zonaroja.com.mx\/index.php?rest_route=\/wp\/v2\/posts\/16869","targetHints":{"allow":["GET"]}}],"collection":[{"href":"https:\/\/zonaroja.com.mx\/index.php?rest_route=\/wp\/v2\/posts"}],"about":[{"href":"https:\/\/zonaroja.com.mx\/index.php?rest_route=\/wp\/v2\/types\/post"}],"author":[{"embeddable":true,"href":"https:\/\/zonaroja.com.mx\/index.php?rest_route=\/wp\/v2\/users\/2"}],"replies":[{"embeddable":true,"href":"https:\/\/zonaroja.com.mx\/index.php?rest_route=%2Fwp%2Fv2%2Fcomments&post=16869"}],"version-history":[{"count":1,"href":"https:\/\/zonaroja.com.mx\/index.php?rest_route=\/wp\/v2\/posts\/16869\/revisions"}],"predecessor-version":[{"id":16871,"href":"https:\/\/zonaroja.com.mx\/index.php?rest_route=\/wp\/v2\/posts\/16869\/revisions\/16871"}],"wp:featuredmedia":[{"embeddable":true,"href":"https:\/\/zonaroja.com.mx\/index.php?rest_route=\/wp\/v2\/media\/16870"}],"wp:attachment":[{"href":"https:\/\/zonaroja.com.mx\/index.php?rest_route=%2Fwp%2Fv2%2Fmedia&parent=16869"}],"wp:term":[{"taxonomy":"category","embeddable":true,"href":"https:\/\/zonaroja.com.mx\/index.php?rest_route=%2Fwp%2Fv2%2Fcategories&post=16869"},{"taxonomy":"post_tag","embeddable":true,"href":"https:\/\/zonaroja.com.mx\/index.php?rest_route=%2Fwp%2Fv2%2Ftags&post=16869"}],"curies":[{"name":"wp","href":"https:\/\/api.w.org\/{rel}","templated":true}]}}