{"id":16876,"date":"2020-08-27T21:03:19","date_gmt":"2020-08-28T02:03:19","guid":{"rendered":"http:\/\/www.zonaroja.com.mx\/?p=16876"},"modified":"2020-08-27T21:03:23","modified_gmt":"2020-08-28T02:03:23","slug":"declaran-persona-non-grata-a-diputado-federal-de-morena-en-santiago-textitlan","status":"publish","type":"post","link":"https:\/\/zonaroja.com.mx\/?p=16876","title":{"rendered":"Declaran persona \u201cnon grata\u201d a diputado federal de Morena en Santiago Textitl\u00e1n"},"content":{"rendered":"\n<p>Yuridiana Sosa\/Zona Roja.<\/p>\n\n\n\n<p>Oaxaca de Ju\u00e1rez, Oax., 27 de agosto de 2020.-&nbsp; La comunidad y autoridades del municipio de Santiago Textitl\u00e1n, de la regi\u00f3n Sierra Sur, declararon persona \u201cnon grata\u201d al diputado federal por Morena, Daniel Guti\u00e9rrez Guti\u00e9rrez, por generar diferentes conflictos entre la poblaci\u00f3n.<\/p>\n\n\n\n<p>La poblaci\u00f3n decidi\u00f3 tambi\u00e9n no recibir a ning\u00fan integrante de la organizaci\u00f3n Consejo para el Desarrollo de los Pueblos de Oaxaca (CDEPO), de la que el legislador por el Distrito 10 de Miahuatl\u00e1n es presidente.<\/p>\n\n\n\n<p>As\u00ed lo hicieron saber a trav\u00e9s de una petici\u00f3n por escrito al secretario de las Infraestructuras y Ordenamiento Territorial Sustentable, Javier Lazcano Vargas, para evitar que invite al diputado a la inauguraci\u00f3n de una obra.<\/p>\n\n\n\n<p>El presidente municipal, F\u00e9lix V\u00e1squez Cruz, inform\u00f3 que la decisi\u00f3n se acord\u00f3 en reuni\u00f3n con la autoridad tradicional del Consejo de An\u00e1lisis integrado por autoridades municipales, el Comisariado y el Consejo de Vigilancia de Bienes Comunales.<\/p>\n\n\n\n<p>Pidieron al funcionario estatal que para la inauguraci\u00f3n de un techado en la escuela Secundaria T\u00e9cnica n\u00famero 132 no haga acto de presencia Guti\u00e9rrez Guti\u00e9rrez, ni su organizaci\u00f3n, as\u00ed como tampoco se instalen lonas con propaganda pol\u00edtica del legislador y de la CDEPO.<\/p>\n\n\n\n<p>El diputado es acusado de generar severos conflictos internos en la comunidad, entre las agencias y la cabecera municipal.<\/p>\n\n\n\n<p>Adem\u00e1s, de utilizar su cargo para fines proselitistas, promocionando su nombre en los actos a los que acude, en algunos casos con el apoyo del Gobierno del Estado, que le ha apoyado con miles de despensas, que s\u00f3lo reparte entre sus allegados.<\/p>\n","protected":false},"excerpt":{"rendered":"<p>Yuridiana Sosa\/Zona Roja. Oaxaca de Ju\u00e1rez, Oax., 27 de agosto de 2020.-&nbsp; La comunidad y&hellip;<\/p>\n","protected":false},"author":2,"featured_media":16877,"comment_status":"closed","ping_status":"open","sticky":false,"template":"","format":"standard","meta":{"_lmt_disableupdate":"","_lmt_disable":"","_jetpack_memberships_contains_paid_content":false,"footnotes":""},"categories":[109,47],"tags":[1967],"class_list":["post-16876","post","type-post","status-publish","format-standard","has-post-thumbnail","hentry","category-minuto-a-minuto","category-zona-gris","tag-daniel-gutierrez-gutierrez"],"jetpack_featured_media_url":"https:\/\/zonaroja.com.mx\/wp-content\/uploads\/2020\/08\/Daniel-Gutierrez.jpeg","jetpack_sharing_enabled":true,"_links":{"self":[{"href":"https:\/\/zonaroja.com.mx\/index.php?rest_route=\/wp\/v2\/posts\/16876","targetHints":{"allow":["GET"]}}],"collection":[{"href":"https:\/\/zonaroja.com.mx\/index.php?rest_route=\/wp\/v2\/posts"}],"about":[{"href":"https:\/\/zonaroja.com.mx\/index.php?rest_route=\/wp\/v2\/types\/post"}],"author":[{"embeddable":true,"href":"https:\/\/zonaroja.com.mx\/index.php?rest_route=\/wp\/v2\/users\/2"}],"replies":[{"embeddable":true,"href":"https:\/\/zonaroja.com.mx\/index.php?rest_route=%2Fwp%2Fv2%2Fcomments&post=16876"}],"version-history":[{"count":1,"href":"https:\/\/zonaroja.com.mx\/index.php?rest_route=\/wp\/v2\/posts\/16876\/revisions"}],"predecessor-version":[{"id":16878,"href":"https:\/\/zonaroja.com.mx\/index.php?rest_route=\/wp\/v2\/posts\/16876\/revisions\/16878"}],"wp:featuredmedia":[{"embeddable":true,"href":"https:\/\/zonaroja.com.mx\/index.php?rest_route=\/wp\/v2\/media\/16877"}],"wp:attachment":[{"href":"https:\/\/zonaroja.com.mx\/index.php?rest_route=%2Fwp%2Fv2%2Fmedia&parent=16876"}],"wp:term":[{"taxonomy":"category","embeddable":true,"href":"https:\/\/zonaroja.com.mx\/index.php?rest_route=%2Fwp%2Fv2%2Fcategories&post=16876"},{"taxonomy":"post_tag","embeddable":true,"href":"https:\/\/zonaroja.com.mx\/index.php?rest_route=%2Fwp%2Fv2%2Ftags&post=16876"}],"curies":[{"name":"wp","href":"https:\/\/api.w.org\/{rel}","templated":true}]}}