{"id":16879,"date":"2020-08-27T21:30:04","date_gmt":"2020-08-28T02:30:04","guid":{"rendered":"http:\/\/www.zonaroja.com.mx\/?p=16879"},"modified":"2020-08-27T21:30:08","modified_gmt":"2020-08-28T02:30:08","slug":"denuncian-por-probable-violencia-politica-y-de-genero-a-presidente-de-morena","status":"publish","type":"post","link":"https:\/\/zonaroja.com.mx\/?p=16879","title":{"rendered":"Denuncian por probable violencia pol\u00edtica y de g\u00e9nero a presidente de Morena"},"content":{"rendered":"\n<p>Yuridiana Sosa\/Zona Roja.<\/p>\n\n\n\n<p>Oaxaca de Ju\u00e1rez, Oax., 27 de agosto de 2020.- La ex secretaria de Finanzas del Comit\u00e9 Ejecutivo Estatal del Partido Morena en Oaxaca, Elsa Mart\u00ednez Luis, present\u00f3 una denuncia por violencia pol\u00edtica por raz\u00f3n de g\u00e9nero contra presidente de ese partido, Ses\u00fal Bola\u00f1os L\u00f3pez.<\/p>\n\n\n\n<p>As\u00ed lo dio a conocer la agraviada respecto a los hechos ocurridos el pasado 23 de julio, luego que Bola\u00f1os tom\u00f3 protesta como presidente del partido el 16 de julio, y por lo que ya present\u00f3 la denuncia ante el Tribunal Electoral del Estado de Oaxaca (TEEO).<\/p>\n\n\n\n<p>Elsa Mart\u00ednez asegura que tambi\u00e9n recibi\u00f3 agresiones verbales contra el desempe\u00f1o de sus funciones, as\u00ed como \u00f3rdenes para abandonar su cargo.<\/p>\n\n\n\n<p>Ante el evento, en el que se concret\u00f3 el relevo de sus funciones, la ex servidora del partido Morena interpuso un juicio para la protecci\u00f3n de los derechos pol\u00edticos electorales del ciudadano en el TEEO, recibido el pasado 26 de agosto.<\/p>\n","protected":false},"excerpt":{"rendered":"<p>Yuridiana Sosa\/Zona Roja. Oaxaca de Ju\u00e1rez, Oax., 27 de agosto de 2020.- La ex secretaria&hellip;<\/p>\n","protected":false},"author":2,"featured_media":14485,"comment_status":"closed","ping_status":"open","sticky":false,"template":"","format":"standard","meta":{"_lmt_disableupdate":"","_lmt_disable":"","_jetpack_memberships_contains_paid_content":false,"footnotes":""},"categories":[109,47],"tags":[1841],"class_list":["post-16879","post","type-post","status-publish","format-standard","has-post-thumbnail","hentry","category-minuto-a-minuto","category-zona-gris","tag-sesul-bolanos-lopez"],"jetpack_featured_media_url":"https:\/\/zonaroja.com.mx\/wp-content\/uploads\/2020\/07\/Morena-bandera-3.jpg","jetpack_sharing_enabled":true,"_links":{"self":[{"href":"https:\/\/zonaroja.com.mx\/index.php?rest_route=\/wp\/v2\/posts\/16879","targetHints":{"allow":["GET"]}}],"collection":[{"href":"https:\/\/zonaroja.com.mx\/index.php?rest_route=\/wp\/v2\/posts"}],"about":[{"href":"https:\/\/zonaroja.com.mx\/index.php?rest_route=\/wp\/v2\/types\/post"}],"author":[{"embeddable":true,"href":"https:\/\/zonaroja.com.mx\/index.php?rest_route=\/wp\/v2\/users\/2"}],"replies":[{"embeddable":true,"href":"https:\/\/zonaroja.com.mx\/index.php?rest_route=%2Fwp%2Fv2%2Fcomments&post=16879"}],"version-history":[{"count":1,"href":"https:\/\/zonaroja.com.mx\/index.php?rest_route=\/wp\/v2\/posts\/16879\/revisions"}],"predecessor-version":[{"id":16880,"href":"https:\/\/zonaroja.com.mx\/index.php?rest_route=\/wp\/v2\/posts\/16879\/revisions\/16880"}],"wp:featuredmedia":[{"embeddable":true,"href":"https:\/\/zonaroja.com.mx\/index.php?rest_route=\/wp\/v2\/media\/14485"}],"wp:attachment":[{"href":"https:\/\/zonaroja.com.mx\/index.php?rest_route=%2Fwp%2Fv2%2Fmedia&parent=16879"}],"wp:term":[{"taxonomy":"category","embeddable":true,"href":"https:\/\/zonaroja.com.mx\/index.php?rest_route=%2Fwp%2Fv2%2Fcategories&post=16879"},{"taxonomy":"post_tag","embeddable":true,"href":"https:\/\/zonaroja.com.mx\/index.php?rest_route=%2Fwp%2Fv2%2Ftags&post=16879"}],"curies":[{"name":"wp","href":"https:\/\/api.w.org\/{rel}","templated":true}]}}