{"id":16884,"date":"2020-08-27T22:08:21","date_gmt":"2020-08-28T03:08:21","guid":{"rendered":"http:\/\/www.zonaroja.com.mx\/?p=16884"},"modified":"2020-08-27T22:08:25","modified_gmt":"2020-08-28T03:08:25","slug":"registra-oaxaca-dos-asesinados-en-la-cuenca-y-uno-en-la-mixteca","status":"publish","type":"post","link":"https:\/\/zonaroja.com.mx\/?p=16884","title":{"rendered":"Registra Oaxaca dos asesinados en la Cuenca y uno en la Mixteca"},"content":{"rendered":"\n<p>Redacci\u00f3n\/Zona Roja.<\/p>\n\n\n\n<p>Oaxaca de Ju\u00e1rez, Oax., 27 de agosto de 2020.- Tres personas perdieron la vida de forma violenta, una de ellas de nacionalidad extranjera, en hechos ocurridos en las \u00faltimas 24 horas en las regiones Mixteca y Cuenca del Papaloapan de Oaxaca.<\/p>\n\n\n\n<p>Fuentes de la Vicefiscal\u00eda Regional de la Cuenca confirmaron el hallazgo ayer por la tarde de dos cuerpos en el ejido Vicente Guerrero de San Lucas Ojitl\u00e1n.<\/p>\n\n\n\n<p>Las v\u00edctimas presentaban disparos de arma de fuego y fueron identificadas posteriormente como Silvio Aguilar Esteban, de 59 a\u00f1os de edad, y Servando Mart\u00ednez Jos\u00e9, de 45 a\u00f1os. Hasta esta noche se desconocen las causas del doble homicidio.<\/p>\n\n\n\n<p>Por otra parte, en Santiago Juxtlahuaca, municipio de la regi\u00f3n Mixteca, un individuo de nacionalidad hondure\u00f1a fue ultimado a balazos, la ma\u00f1ana de hoy.<\/p>\n\n\n\n<p>Los hechos sucedieron en la calle Porfirio D\u00edaz de la colonia Centro, hasta donde param\u00e9dicos arribaron para brindar los primeros auxilios a la persona lesionada de bala.<\/p>\n\n\n\n<p>Sin embargo, corroboraron que ya hab\u00eda perdido la vida; fue identificado esta noche como Yohan H., de 23 a\u00f1os de edad, con domicilio en dicha ciudad de la regi\u00f3n Mixteca, que de manera frecuente ha protagonizado hechos de sangre, por incidentes violentos o conflictos pol\u00edticos.<\/p>\n","protected":false},"excerpt":{"rendered":"<p>Redacci\u00f3n\/Zona Roja. Oaxaca de Ju\u00e1rez, Oax., 27 de agosto de 2020.- Tres personas perdieron la&hellip;<\/p>\n","protected":false},"author":2,"featured_media":16885,"comment_status":"closed","ping_status":"open","sticky":false,"template":"","format":"standard","meta":{"_lmt_disableupdate":"","_lmt_disable":"","_jetpack_memberships_contains_paid_content":false,"footnotes":""},"categories":[109,51],"tags":[209,826],"class_list":["post-16884","post","type-post","status-publish","format-standard","has-post-thumbnail","hentry","category-minuto-a-minuto","category-zona-roja","tag-san-lucas-ojitlan","tag-santiago-juxtlahuaca"],"jetpack_featured_media_url":"https:\/\/zonaroja.com.mx\/wp-content\/uploads\/2020\/08\/Asesinado-Juxtlahuaca.jpg","jetpack_sharing_enabled":true,"_links":{"self":[{"href":"https:\/\/zonaroja.com.mx\/index.php?rest_route=\/wp\/v2\/posts\/16884","targetHints":{"allow":["GET"]}}],"collection":[{"href":"https:\/\/zonaroja.com.mx\/index.php?rest_route=\/wp\/v2\/posts"}],"about":[{"href":"https:\/\/zonaroja.com.mx\/index.php?rest_route=\/wp\/v2\/types\/post"}],"author":[{"embeddable":true,"href":"https:\/\/zonaroja.com.mx\/index.php?rest_route=\/wp\/v2\/users\/2"}],"replies":[{"embeddable":true,"href":"https:\/\/zonaroja.com.mx\/index.php?rest_route=%2Fwp%2Fv2%2Fcomments&post=16884"}],"version-history":[{"count":1,"href":"https:\/\/zonaroja.com.mx\/index.php?rest_route=\/wp\/v2\/posts\/16884\/revisions"}],"predecessor-version":[{"id":16886,"href":"https:\/\/zonaroja.com.mx\/index.php?rest_route=\/wp\/v2\/posts\/16884\/revisions\/16886"}],"wp:featuredmedia":[{"embeddable":true,"href":"https:\/\/zonaroja.com.mx\/index.php?rest_route=\/wp\/v2\/media\/16885"}],"wp:attachment":[{"href":"https:\/\/zonaroja.com.mx\/index.php?rest_route=%2Fwp%2Fv2%2Fmedia&parent=16884"}],"wp:term":[{"taxonomy":"category","embeddable":true,"href":"https:\/\/zonaroja.com.mx\/index.php?rest_route=%2Fwp%2Fv2%2Fcategories&post=16884"},{"taxonomy":"post_tag","embeddable":true,"href":"https:\/\/zonaroja.com.mx\/index.php?rest_route=%2Fwp%2Fv2%2Ftags&post=16884"}],"curies":[{"name":"wp","href":"https:\/\/api.w.org\/{rel}","templated":true}]}}