{"id":16887,"date":"2020-08-27T22:11:50","date_gmt":"2020-08-28T03:11:50","guid":{"rendered":"http:\/\/www.zonaroja.com.mx\/?p=16887"},"modified":"2020-08-27T22:11:54","modified_gmt":"2020-08-28T03:11:54","slug":"ya-son-mil-251-muertos-por-covid-en-oaxaca-a-cinco-meses-de-pandemia","status":"publish","type":"post","link":"https:\/\/zonaroja.com.mx\/?p=16887","title":{"rendered":"Ya son mil 251 muertos por Covid en Oaxaca, a cinco meses de pandemia"},"content":{"rendered":"\n<p>Redacci\u00f3n\/Zona Roja.<\/p>\n\n\n\n<p>Oaxaca de Ju\u00e1rez, Oax. 27 de agosto de 2020. Con 95 casos positivos y cinco decesos por Covid-19 en las \u00faltimas 24 horas, la incidencia acumulada de la epidemia en el territorio oaxaque\u00f1o ha llegado a los 13 mil 271 pacientes confirmados y mil 251 muertes.<\/p>\n\n\n\n<p>En un comunicado de prensa, los Servicios de Salud de Oaxaca (SSO), informaron que al corte de este 27 de agosto, la cifra de casos activos suma 400 en las seis Jurisdicci\u00f3n Sanitarias.<\/p>\n\n\n\n<p>Asever\u00f3 que este jueves se identificaron 29 municipios con contagios nuevos, dentro de los que destacan: Oaxaca de Ju\u00e1rez con la mayor incidencia, al registrar 38; seguido de la Heroica Ciudad de Tlaxiaco con 13 reportes.<\/p>\n\n\n\n<figure class=\"wp-block-embed-twitter wp-block-embed is-type-rich is-provider-twitter\"><div class=\"wp-block-embed__wrapper\">\n<div class=\"twitter-tweet\"><blockquote class=\"twitter-tweet\" data-lang=\"es\"><p lang=\"es\" dir=\"ltr\">Utilizar <a href=\"https:\/\/twitter.com\/hashtag\/Cubrebocas?src=hash&amp;ref_src=twsrc%5Etfw\">#Cubrebocas<\/a> ayuda a reducir la probabilidad de contagio del nuevo coronavirus, recuerda que al hacerlo correctamente proteges a tu familia.<a href=\"https:\/\/twitter.com\/hashtag\/NoBajemosLaGuardia?src=hash&amp;ref_src=twsrc%5Etfw\">#NoBajemosLaGuardia<\/a> <a href=\"https:\/\/t.co\/htLcGfMpz3\">pic.twitter.com\/htLcGfMpz3<\/a><\/p>&mdash; Servicios de Salud (@SSO_GobOax) <a href=\"https:\/\/twitter.com\/SSO_GobOax\/status\/1299154286325018624?ref_src=twsrc%5Etfw\">28 de agosto de 2020<\/a><\/blockquote><\/div>\n<\/div><\/figure>\n\n\n\n<p>Por lo que se tiene un total de ocho mil 720 casos acumulados en Valles Centrales, mil 595 en Tuxtepec, mil 361 en el Istmo, 799 en la Mixteca, 574 en la Costa y 222 en la Sierra, agreg\u00f3.<\/p>\n\n\n\n<p>Se\u00f1al\u00f3 que desde el inicio de la pandemia, 11 mil 620 pacientes se han recuperado de la enfermedad respiratoria. Mientras que, sobre la disponibilidad de camas de hospital, inform\u00f3 que se encuentran ocupadas el 40.2%.<\/p>\n\n\n\n<p>Dijo que del total de positivos, de acuerdo al sexo, los hombres persisten como el grupo de la poblaci\u00f3n con el mayor n\u00famero de contagios, con siete mil 255 casos, cifra que representa el 55%; y respecto a la edad, los adultos de 65 a\u00f1os y m\u00e1s concentran el rango m\u00e1s alto de defunciones, con 550 registros.<\/p>\n","protected":false},"excerpt":{"rendered":"<p>Redacci\u00f3n\/Zona Roja. Oaxaca de Ju\u00e1rez, Oax. 27 de agosto de 2020. Con 95 casos positivos&hellip;<\/p>\n","protected":false},"author":2,"featured_media":16888,"comment_status":"closed","ping_status":"open","sticky":false,"template":"","format":"standard","meta":{"_lmt_disableupdate":"","_lmt_disable":"","_jetpack_memberships_contains_paid_content":false,"footnotes":""},"categories":[109,47],"tags":[1512],"class_list":["post-16887","post","type-post","status-publish","format-standard","has-post-thumbnail","hentry","category-minuto-a-minuto","category-zona-gris","tag-coronavirus-oaxaca"],"jetpack_featured_media_url":"https:\/\/zonaroja.com.mx\/wp-content\/uploads\/2020\/08\/salud.jpeg","jetpack_sharing_enabled":true,"_links":{"self":[{"href":"https:\/\/zonaroja.com.mx\/index.php?rest_route=\/wp\/v2\/posts\/16887","targetHints":{"allow":["GET"]}}],"collection":[{"href":"https:\/\/zonaroja.com.mx\/index.php?rest_route=\/wp\/v2\/posts"}],"about":[{"href":"https:\/\/zonaroja.com.mx\/index.php?rest_route=\/wp\/v2\/types\/post"}],"author":[{"embeddable":true,"href":"https:\/\/zonaroja.com.mx\/index.php?rest_route=\/wp\/v2\/users\/2"}],"replies":[{"embeddable":true,"href":"https:\/\/zonaroja.com.mx\/index.php?rest_route=%2Fwp%2Fv2%2Fcomments&post=16887"}],"version-history":[{"count":1,"href":"https:\/\/zonaroja.com.mx\/index.php?rest_route=\/wp\/v2\/posts\/16887\/revisions"}],"predecessor-version":[{"id":16889,"href":"https:\/\/zonaroja.com.mx\/index.php?rest_route=\/wp\/v2\/posts\/16887\/revisions\/16889"}],"wp:featuredmedia":[{"embeddable":true,"href":"https:\/\/zonaroja.com.mx\/index.php?rest_route=\/wp\/v2\/media\/16888"}],"wp:attachment":[{"href":"https:\/\/zonaroja.com.mx\/index.php?rest_route=%2Fwp%2Fv2%2Fmedia&parent=16887"}],"wp:term":[{"taxonomy":"category","embeddable":true,"href":"https:\/\/zonaroja.com.mx\/index.php?rest_route=%2Fwp%2Fv2%2Fcategories&post=16887"},{"taxonomy":"post_tag","embeddable":true,"href":"https:\/\/zonaroja.com.mx\/index.php?rest_route=%2Fwp%2Fv2%2Ftags&post=16887"}],"curies":[{"name":"wp","href":"https:\/\/api.w.org\/{rel}","templated":true}]}}