{"id":16890,"date":"2020-08-28T08:06:33","date_gmt":"2020-08-28T13:06:33","guid":{"rendered":"http:\/\/www.zonaroja.com.mx\/?p=16890"},"modified":"2020-08-28T08:06:38","modified_gmt":"2020-08-28T13:06:38","slug":"llama-congreso-al-gobernador-de-oaxaca-a-privilegiar-salud-de-la-ninez-oaxaquena","status":"publish","type":"post","link":"https:\/\/zonaroja.com.mx\/?p=16890","title":{"rendered":"Llama Congreso al gobernador de Oaxaca a privilegiar salud de la ni\u00f1ez oaxaque\u00f1a"},"content":{"rendered":"\n<p>Redacci\u00f3n\/Zona Roja.<\/p>\n\n\n\n<p>Oaxaca de Ju\u00e1rez, Oax., 28 de agosto 2020.- A unas horas de vencerse el plazo de 15 d\u00edas naturales para que el titular del Poder Ejecutivo estatal haga observaciones a la adici\u00f3n al Art\u00edculo 20 Bis de la ley que proh\u00edbe la venta de productos chatarra y bebidas azucaradas a menores de edad, la diputaci\u00f3n local llam\u00f3 al gobernador Alejandro Murat Hinojosa, a publicar sin demora en el Peri\u00f3dico Oficial el decreto mencionado.<\/p>\n\n\n\n<p>En este sentido, la diputada Magaly L\u00f3pez Dom\u00ednguez, impulsora y promovente de la iniciativa aprobada el pasado 5 de agosto por el Congreso del Estado, pidi\u00f3 al mandatario estatal anteponer el inter\u00e9s de la ni\u00f1ez oaxaque\u00f1a. Reiter\u00f3 el Compromiso de la 64 Legislatura del Congreso Local, de escuchar las voces de los sectores involucrados en esta modificaci\u00f3n legal.<\/p>\n\n\n\n<p>La legisladora morenista, lament\u00f3 que ante el gran problema de salud p\u00fablica que representan para la infancia oaxaque\u00f1a, enfermedades como la obesidad y la diabetes. haya surgido una ola de informaci\u00f3n falsa, que busca confundir a la ciudadan\u00eda haci\u00e9ndoles creer que habr\u00e1 afectaciones por esta disposici\u00f3n legislativa.<\/p>\n\n\n\n<p>\u201cSe tiene que dar a conocer que la prohibici\u00f3n no es absoluta, \u00fanicamente hay restricci\u00f3n para que ni\u00f1os y adolescentes puedan adquirir estos productos, ser\u00e1 responsabilidad de pap\u00e1 o mam\u00e1 si un ni\u00f1o los ingiere\u201d indic\u00f3 L\u00f3pez Dom\u00ednguez.<\/p>\n\n\n\n<p>La tambi\u00e9n presidenta de la comisi\u00f3n de Derechos Humanos en el Congreso, a\u00f1adi\u00f3 que no se afectar\u00e1 a la econom\u00eda local, toda vez que los productos seguir\u00e1n en las tiendas; se\u00f1al\u00f3 que las ganancias por la venta de productos industrializados no se quedan en Oaxaca, caso contrario a los productos locales, lo cuales &#8211; adem\u00e1s de ser menos da\u00f1inos- reactivan a la econom\u00eda de las comunidades.<\/p>\n\n\n\n<p>Dijo que la mayor\u00eda de la poblaci\u00f3n ha visto con buenos ojos esta ley que tiene como \u00fanico objetivo, prevenir enfermedades cr\u00f3nico degenerativas. Celebr\u00f3 el hecho de que 17 congresos en el pa\u00eds, ya est\u00e9n considerando implementar esta medida legislativa y que en Tabasco ya sea una realidad.<\/p>\n\n\n\n<p>Al respecto, el presidente de la Junta de Coordinaci\u00f3n Pol\u00edtica (Jucopo) del Congreso local, Horacio Sosa Villavicencio, se sum\u00f3 a este llamado al Ejecutivo Estatal, apel\u00f3 a la sensibilidad del gobernador a procurar la salud y bienestar de las ni\u00f1as y ni\u00f1os.<\/p>\n\n\n\n<p>\u201cEl gobernador no ha hecho ninguna observaci\u00f3n sobre la ley, por ello, solicitamos que se proceda a su publicaci\u00f3n. Esta ley viene a favorecer la salud y la vida de las ni\u00f1as, ni\u00f1os y adolescentes. M\u00e1s que el comercio, m\u00e1s que las ganancias, hoy tenemos que pensar qu\u00e9 es lo m\u00e1s preciado que tenemos en las familias\u201d apunt\u00f3 el diputado morenista.<\/p>\n\n\n\n<p>Sosa Villavicencio, llam\u00f3 a los y las empresarias que tienen dudas respecto a la ley, apostarle al di\u00e1logo y construir mesas de an\u00e1lisis que permitan no solo resolver las inconformidades, tambi\u00e9n lograr los mejores acuerdos en beneficio de la poblaci\u00f3n infantil.<\/p>\n\n\n\n<p>Finalmente, Horacio Sosa expres\u00f3 que el congreso ya hizo su parte y que les toca a las autoridades sanitarias asumir su responsabilidad junto con el Poder Ejecutivo, quien debe dar muestras de congruencia y privilegiar el derecho a la salud que tiene la ni\u00f1ez oaxaque\u00f1a.<\/p>\n","protected":false},"excerpt":{"rendered":"<p>Redacci\u00f3n\/Zona Roja. Oaxaca de Ju\u00e1rez, Oax., 28 de agosto 2020.- A unas horas de vencerse&hellip;<\/p>\n","protected":false},"author":2,"featured_media":16473,"comment_status":"closed","ping_status":"open","sticky":false,"template":"","format":"standard","meta":{"_lmt_disableupdate":"","_lmt_disable":"","_jetpack_memberships_contains_paid_content":false,"footnotes":""},"categories":[109,47],"tags":[444],"class_list":["post-16890","post","type-post","status-publish","format-standard","has-post-thumbnail","hentry","category-minuto-a-minuto","category-zona-gris","tag-horacio-sosa-villavicencio"],"jetpack_featured_media_url":"https:\/\/zonaroja.com.mx\/wp-content\/uploads\/2020\/08\/Congreso-de-Oaxaca.png","jetpack_sharing_enabled":true,"_links":{"self":[{"href":"https:\/\/zonaroja.com.mx\/index.php?rest_route=\/wp\/v2\/posts\/16890","targetHints":{"allow":["GET"]}}],"collection":[{"href":"https:\/\/zonaroja.com.mx\/index.php?rest_route=\/wp\/v2\/posts"}],"about":[{"href":"https:\/\/zonaroja.com.mx\/index.php?rest_route=\/wp\/v2\/types\/post"}],"author":[{"embeddable":true,"href":"https:\/\/zonaroja.com.mx\/index.php?rest_route=\/wp\/v2\/users\/2"}],"replies":[{"embeddable":true,"href":"https:\/\/zonaroja.com.mx\/index.php?rest_route=%2Fwp%2Fv2%2Fcomments&post=16890"}],"version-history":[{"count":1,"href":"https:\/\/zonaroja.com.mx\/index.php?rest_route=\/wp\/v2\/posts\/16890\/revisions"}],"predecessor-version":[{"id":16891,"href":"https:\/\/zonaroja.com.mx\/index.php?rest_route=\/wp\/v2\/posts\/16890\/revisions\/16891"}],"wp:featuredmedia":[{"embeddable":true,"href":"https:\/\/zonaroja.com.mx\/index.php?rest_route=\/wp\/v2\/media\/16473"}],"wp:attachment":[{"href":"https:\/\/zonaroja.com.mx\/index.php?rest_route=%2Fwp%2Fv2%2Fmedia&parent=16890"}],"wp:term":[{"taxonomy":"category","embeddable":true,"href":"https:\/\/zonaroja.com.mx\/index.php?rest_route=%2Fwp%2Fv2%2Fcategories&post=16890"},{"taxonomy":"post_tag","embeddable":true,"href":"https:\/\/zonaroja.com.mx\/index.php?rest_route=%2Fwp%2Fv2%2Ftags&post=16890"}],"curies":[{"name":"wp","href":"https:\/\/api.w.org\/{rel}","templated":true}]}}