{"id":16892,"date":"2020-08-28T08:10:44","date_gmt":"2020-08-28T13:10:44","guid":{"rendered":"http:\/\/www.zonaroja.com.mx\/?p=16892"},"modified":"2020-08-28T08:10:47","modified_gmt":"2020-08-28T13:10:47","slug":"fortalece-el-poder-judicial-de-oaxaca-actividades-academicas-a-distancia","status":"publish","type":"post","link":"https:\/\/zonaroja.com.mx\/?p=16892","title":{"rendered":"Fortalece el Poder Judicial de Oaxaca actividades acad\u00e9micas a distancia"},"content":{"rendered":"\n<p>Redacci\u00f3n\/Zona Roja.<\/p>\n\n\n\n<p>Oaxaca de Ju\u00e1rez, Oax., 28 de agosto de 2020.- Sentar las bases de los procesos de formaci\u00f3n continua y especializaci\u00f3n a partir de metodolog\u00edas y esquemas acordes a la tarea de impartir justicia con sentido humano, es una tarea primordial en la administraci\u00f3n del titular del Poder Judicial del Estado, magistrado Eduardo Pinacho S\u00e1nchez, quien ha establecido que la formaci\u00f3n judicial debe incluir conocimientos jur\u00eddicos y competencias multidisciplinarias que demanda el siglo 21.<\/p>\n\n\n\n<p>En este aspecto, el director de la Escuela Judicial, H\u00e9ctor Humberto Quevedo V\u00e1squez se\u00f1al\u00f3 que vivimos un mundo globalizado influenciado por la tecnolog\u00eda, donde el \u00e1rea acad\u00e9mica no es la excepci\u00f3n y hoy m\u00e1s que nunca demuestra que no es suficiente con las clases tradicionales, por lo que en el contexto de la contingencia sanitaria, la instituci\u00f3n reforz\u00f3 sus actividades de capacitaci\u00f3n a distancia.<\/p>\n\n\n\n<p>\u201cEstamos trabajando de manera virtual y acorde con las tendencias tambi\u00e9n en la educaci\u00f3n a nivel global para lograr nuestras metas y cumplir con el plan de trabajo que ya se hab\u00eda trazado desde el inicio de a\u00f1o\u201d, resalt\u00f3.<\/p>\n\n\n\n<p>Destac\u00f3 que en alianza con diferentes instituciones y otros Poderes Judiciales del pa\u00eds se ha continuado la actualizaci\u00f3n que esta \u00e1rea imparte de manera permanente sobre diferentes temas; adem\u00e1s de que ante la entrada en vigor de la reforma del nuevo sistema de justicia laboral, en 2021, en Oaxaca se fortalece la preparaci\u00f3n del personal jurisdiccional.<\/p>\n\n\n\n<p>Quevedo V\u00e1squez mencion\u00f3 que otros esquemas acad\u00e9micos est\u00e1n enfocados a comprender de mejor forma los alcances de las reformas constitucionales en materia de respeto a los derechos humanos con perspectiva de g\u00e9nero.<\/p>\n\n\n\n<p>Por otra parte, se contin\u00faa con la actividad de los Estudios de Especialidad Judicial que se imparten en Derecho Civil-Mercantil, Derecho Familiar, Derecho Penal sustantivo, Derechos Humanos y en el Sistema Acusatorio Penal.<\/p>\n\n\n\n<p>Estas actividades tienen el objetivo de formar profesionales responsables con una adecuada preparaci\u00f3n te\u00f3rico pr\u00e1ctica, y generar una conciencia de su funci\u00f3n social que permita suministrar una tutela judicial integral, accesible y con perspectiva de g\u00e9nero a todas las personas en Oaxaca.<\/p>\n","protected":false},"excerpt":{"rendered":"<p>Redacci\u00f3n\/Zona Roja. Oaxaca de Ju\u00e1rez, Oax., 28 de agosto de 2020.- Sentar las bases de&hellip;<\/p>\n","protected":false},"author":2,"featured_media":16893,"comment_status":"closed","ping_status":"open","sticky":false,"template":"","format":"standard","meta":{"_lmt_disableupdate":"","_lmt_disable":"","_jetpack_memberships_contains_paid_content":false,"footnotes":""},"categories":[109,46],"tags":[223],"class_list":["post-16892","post","type-post","status-publish","format-standard","has-post-thumbnail","hentry","category-minuto-a-minuto","category-zona-blanca","tag-poder-judicial-de-oaxaca"],"jetpack_featured_media_url":"https:\/\/zonaroja.com.mx\/wp-content\/uploads\/2020\/08\/03jueza-1.jpg","jetpack_sharing_enabled":true,"_links":{"self":[{"href":"https:\/\/zonaroja.com.mx\/index.php?rest_route=\/wp\/v2\/posts\/16892","targetHints":{"allow":["GET"]}}],"collection":[{"href":"https:\/\/zonaroja.com.mx\/index.php?rest_route=\/wp\/v2\/posts"}],"about":[{"href":"https:\/\/zonaroja.com.mx\/index.php?rest_route=\/wp\/v2\/types\/post"}],"author":[{"embeddable":true,"href":"https:\/\/zonaroja.com.mx\/index.php?rest_route=\/wp\/v2\/users\/2"}],"replies":[{"embeddable":true,"href":"https:\/\/zonaroja.com.mx\/index.php?rest_route=%2Fwp%2Fv2%2Fcomments&post=16892"}],"version-history":[{"count":1,"href":"https:\/\/zonaroja.com.mx\/index.php?rest_route=\/wp\/v2\/posts\/16892\/revisions"}],"predecessor-version":[{"id":16894,"href":"https:\/\/zonaroja.com.mx\/index.php?rest_route=\/wp\/v2\/posts\/16892\/revisions\/16894"}],"wp:featuredmedia":[{"embeddable":true,"href":"https:\/\/zonaroja.com.mx\/index.php?rest_route=\/wp\/v2\/media\/16893"}],"wp:attachment":[{"href":"https:\/\/zonaroja.com.mx\/index.php?rest_route=%2Fwp%2Fv2%2Fmedia&parent=16892"}],"wp:term":[{"taxonomy":"category","embeddable":true,"href":"https:\/\/zonaroja.com.mx\/index.php?rest_route=%2Fwp%2Fv2%2Fcategories&post=16892"},{"taxonomy":"post_tag","embeddable":true,"href":"https:\/\/zonaroja.com.mx\/index.php?rest_route=%2Fwp%2Fv2%2Ftags&post=16892"}],"curies":[{"name":"wp","href":"https:\/\/api.w.org\/{rel}","templated":true}]}}