{"id":16895,"date":"2020-08-28T08:14:53","date_gmt":"2020-08-28T13:14:53","guid":{"rendered":"http:\/\/www.zonaroja.com.mx\/?p=16895"},"modified":"2020-08-28T08:14:56","modified_gmt":"2020-08-28T13:14:56","slug":"confirma-el-tepjf-violencia-politica-contra-regidora-en-reforma-de-pineda-oaxaca","status":"publish","type":"post","link":"https:\/\/zonaroja.com.mx\/?p=16895","title":{"rendered":"Confirma el TEPJF violencia pol\u00edtica contra regidora en Reforma de Pineda, Oaxaca"},"content":{"rendered":"\n<p>Redacci\u00f3n\/Zona Roja Cdmx.<\/p>\n\n\n\n<p>Ciudad de M\u00e9xico, 28 de agosto de 2020.- Por mayor\u00eda de votos, la Sala Superior del Tribunal Electoral del Poder Judicial de la Federaci\u00f3n (TEPJF) orden\u00f3 modificar la sentencia emitida por la Sala Regional Xalapa, luego de considerar que la presidenta municipal de Reforma de Pineda, Oaxaca, Araceli Garc\u00eda Hern\u00e1ndez, cometi\u00f3 violencia pol\u00edtica contra la regidora Rosa Mar\u00eda Aguilar Antonio.<\/p>\n\n\n\n<p>Esto, luego de que el 19 de marzo del 2019, el Tribunal Electoral del Estado de Oaxaca (TEEO) orden\u00f3 a dicho ayuntamiento tomarle protesta a la regidora debido a que, desde enero, cuando se integr\u00f3 el Cabildo, lo hab\u00edan omitido. Tambi\u00e9n se solicit\u00f3 asignarle un espacio f\u00edsico, recursos humanos y materiales para poder desempe\u00f1ar su cargo, sentencia que fue cumplida hasta junio de ese a\u00f1o.<\/p>\n\n\n\n<p>Ayer en sesi\u00f3n p\u00fablica no presencial, a trav\u00e9s del formato de videoconferencia, las magistradas y los magistrados se\u00f1alaron que la presidenta municipal evit\u00f3 que la regidora tuviera participaci\u00f3n en el interior del gobierno municipal, invisibiliz\u00f3 y demerit\u00f3 la funci\u00f3n p\u00fablica que le correspond\u00eda desempe\u00f1ar frente a la ciudadan\u00eda.<\/p>\n\n\n\n<p>En noviembre de 2019, Aguilar acudi\u00f3 por segunda ocasi\u00f3n al tribunal local, debido a que no fue convocada para las sesiones de cabildo y omitieron realizarle el pago de dietas correspondientes, por lo que se emitieron medidas de protecci\u00f3n para garantizar el ejercicio de su cargo; en enero de 2020 dicho tribunal acredit\u00f3 actos de violencia pol\u00edtica por raz\u00f3n de g\u00e9nero contra la regidora.<\/p>\n\n\n\n<p>El 3 de febrero la presidenta municipal promovi\u00f3 un juicio en la Sala Regional Xalapa que modific\u00f3 la sentencia tras se\u00f1alar que no se cometieron actos de violencia pol\u00edtica de g\u00e9nero.<\/p>\n\n\n\n<p>Este \u00f3rgano jurisdiccional determin\u00f3 que las omisiones de la presidenta municipal contra la regidora, recae en actos de agresi\u00f3n dirigidos a violar su derecho pol\u00edtico-electoral y confirma una violencia pol\u00edtica imputable a la presidenta municipal tras afectar el ejercicio y desempe\u00f1o del cargo, as\u00ed como demeritar el trabajo de la regidora.<\/p>\n\n\n\n<p>Al estudiar este asunto no se acreditaron los elementos que prev\u00e9 el Protocolo para Atender la Violencia Pol\u00edtica contra las Mujeres y la jurisprudencia 21\/2018, por lo que se descarta que se incurri\u00f3 en violencia pol\u00edtica de g\u00e9nero.<\/p>\n\n\n\n<p>La Sala Superior determin\u00f3 que se tendr\u00e1 que dar vista a la Contralor\u00eda del municipio de Reforma de Pineda, Oaxaca, a efecto de que, en el \u00e1mbito de sus atribuciones determine lo que en derecho corresponda.<\/p>\n\n\n\n<p>De igual forma se deber\u00e1 informar a este \u00f3rgano jurisdiccional sobre su cumplimiento dentro de las 24 horas siguientes a que ello ocurra. (Asunto: SUP-REC-61\/2020).<\/p>\n\n\n\n<p>(Informaci\u00f3n de \u201cEl Heraldo de M\u00e9xico\u201d)<\/p>\n","protected":false},"excerpt":{"rendered":"<p>Redacci\u00f3n\/Zona Roja Cdmx. Ciudad de M\u00e9xico, 28 de agosto de 2020.- Por mayor\u00eda de votos,&hellip;<\/p>\n","protected":false},"author":2,"featured_media":16247,"comment_status":"closed","ping_status":"open","sticky":false,"template":"","format":"standard","meta":{"_lmt_disableupdate":"","_lmt_disable":"","_jetpack_memberships_contains_paid_content":false,"footnotes":""},"categories":[109,47],"tags":[1208,1922],"class_list":["post-16895","post","type-post","status-publish","format-standard","has-post-thumbnail","hentry","category-minuto-a-minuto","category-zona-gris","tag-reforma-de-pineda","tag-rosa-maria-aguilar-antonio"],"jetpack_featured_media_url":"https:\/\/zonaroja.com.mx\/wp-content\/uploads\/2020\/08\/Rosa-Mar\u00eda-Aguilar-Antonio.jpeg","jetpack_sharing_enabled":true,"_links":{"self":[{"href":"https:\/\/zonaroja.com.mx\/index.php?rest_route=\/wp\/v2\/posts\/16895","targetHints":{"allow":["GET"]}}],"collection":[{"href":"https:\/\/zonaroja.com.mx\/index.php?rest_route=\/wp\/v2\/posts"}],"about":[{"href":"https:\/\/zonaroja.com.mx\/index.php?rest_route=\/wp\/v2\/types\/post"}],"author":[{"embeddable":true,"href":"https:\/\/zonaroja.com.mx\/index.php?rest_route=\/wp\/v2\/users\/2"}],"replies":[{"embeddable":true,"href":"https:\/\/zonaroja.com.mx\/index.php?rest_route=%2Fwp%2Fv2%2Fcomments&post=16895"}],"version-history":[{"count":1,"href":"https:\/\/zonaroja.com.mx\/index.php?rest_route=\/wp\/v2\/posts\/16895\/revisions"}],"predecessor-version":[{"id":16896,"href":"https:\/\/zonaroja.com.mx\/index.php?rest_route=\/wp\/v2\/posts\/16895\/revisions\/16896"}],"wp:featuredmedia":[{"embeddable":true,"href":"https:\/\/zonaroja.com.mx\/index.php?rest_route=\/wp\/v2\/media\/16247"}],"wp:attachment":[{"href":"https:\/\/zonaroja.com.mx\/index.php?rest_route=%2Fwp%2Fv2%2Fmedia&parent=16895"}],"wp:term":[{"taxonomy":"category","embeddable":true,"href":"https:\/\/zonaroja.com.mx\/index.php?rest_route=%2Fwp%2Fv2%2Fcategories&post=16895"},{"taxonomy":"post_tag","embeddable":true,"href":"https:\/\/zonaroja.com.mx\/index.php?rest_route=%2Fwp%2Fv2%2Ftags&post=16895"}],"curies":[{"name":"wp","href":"https:\/\/api.w.org\/{rel}","templated":true}]}}