{"id":16897,"date":"2020-08-28T10:06:47","date_gmt":"2020-08-28T15:06:47","guid":{"rendered":"http:\/\/www.zonaroja.com.mx\/?p=16897"},"modified":"2020-08-28T10:06:54","modified_gmt":"2020-08-28T15:06:54","slug":"en-el-mundo-un-tercio-de-ninos-carece-de-acceso-a-la-educacion-a-distancia-unicef","status":"publish","type":"post","link":"https:\/\/zonaroja.com.mx\/?p=16897","title":{"rendered":"En el mundo, un tercio de ni\u00f1os carece de acceso a la educaci\u00f3n a distancia: Unicef"},"content":{"rendered":"\n<p>Redacci\u00f3n\/Zona Roja.<\/p>\n\n\n\n<p>Ciudad de M\u00e9xico, 28 de agosto de 2020.- Una tercera parte de los ni\u00f1os en edad escolar de todo el mundo, unos 463 millones, no han tenido acceso a la educaci\u00f3n a distancia durante el cierre de las escuelas debido a la crisis sanitaria provocada por el Covid-19, asegur\u00f3 ayer el Fondo de Naciones Unidas para la Infancia (Unicef).<\/p>\n\n\n\n<p>En tanto, seg\u00fan la Universidad Johns Hopkins, se alcanzaron en el mundo 827 mil 801 muertes y 24 millones 279 mil 315 contagios por Covid-19.<\/p>\n\n\n\n<p>La gran cantidad de ni\u00f1os que debieron interrumpir por completo sus estudios durante meses representa una emergencia mundial en materia de educaci\u00f3n. Las repercusiones sobre las econom\u00edas y las sociedades pueden durar d\u00e9cadas, alert\u00f3 Henrietta Fore, directora ejecutiva del Unicef.<\/p>\n\n\n\n<p>De acuerdo con La accesibilidad de la educaci\u00f3n a distancia, informe de este organismo, en el momento m\u00e1s \u00e1lgido de los confinamientos nacionales y locales, casi mil 500 millones de ni\u00f1os se vieron afectados por el cierre de las escuelas.<\/p>\n\n\n\n<p>El estudio no s\u00f3lo revela las limitaciones de la educaci\u00f3n a distancia y las graves desigualdades en el acceso, sino tambi\u00e9n un an\u00e1lisis representativo a escala mundial sobre la disponibilidad de la tecnolog\u00eda y las herramientas necesarias, con datos recopilados en hogares con menores en edad escolar de 100 pa\u00edses.<\/p>\n\n\n\n<p>Unicef alert\u00f3 que es probable que la situaci\u00f3n empeore si el panorama contin\u00faa como hasta ahora, ya que incluso aquellos peque\u00f1os que disponen de herramientas para atender las clases de manera virtual no siempre pueden seguir el ritmo normal debido a otros factores, ya sea la presi\u00f3n para realizar tareas en el hogar, la precariedad del entorno o la falta de ayuda para utilizar los planes de estudio.<\/p>\n\n\n\n<p>El informe tambi\u00e9n detall\u00f3 las notables desigualdades que existen entre regiones, siendo \u00c1frica subsahariana la peor para la edad escolar, pues ni la mitad de los ni\u00f1os dispone de los instrumentos para continuar los estudios a distancia.<\/p>\n\n\n\n<p>Detall\u00f3 que en el este y sur de \u00c1frica, 49 por ciento de los ni\u00f1os (67 millones) no tienen acceso a la educaci\u00f3n a distancia, mientras en la zona oeste y central del continente son 48 por ciento, es decir, unos 54 millones.<\/p>\n\n\n\n<p>En Medio Oriente y en el norte de \u00c1frica la situaci\u00f3n es algo mejor, con 40 por ciento de los m\u00e1s peque\u00f1os sin acceso a materiales did\u00e1cticos necesarios, lo que viene a ser 37 millones de ni\u00f1os.<\/p>\n\n\n\n<p>En el sureste asi\u00e1tico y el Pac\u00edfico es 20 por ciento, unos 80 millones, mientras en la zona meridional del continente las cifras suben hasta 38 por ciento, dispar\u00e1ndose as\u00ed a 147 millones. En la zona m\u00e1s oriental de Europa y en Asia Central, 34 por ciento de los escolares (25 millones) sufren esta situaci\u00f3n.<\/p>\n\n\n\n<p>En America Latina y el Caribe la situaci\u00f3n es significativamente menos problem\u00e1tica, aunque son 13 millones de ni\u00f1os (9 por ciento) los que no han podido continuar correctamente con las clases durante la pandemia.<\/p>\n\n\n\n<p>En tanto, la Organizaci\u00f3n Mundial de la Salud (OMS) advirti\u00f3 de un posible aumento de casos por el retorno a las escuelas y la temporada de gripe durante la transici\u00f3n del verano al oto\u00f1o boreal.<\/p>\n\n\n\n<p>El director de la OMS para Europa, Hans Kluge, vaticin\u00f3 un aumento de la mortalidad por el Covid-19 en invierno.<\/p>\n\n\n\n<p>La Uni\u00f3n Europea firm\u00f3 un contrato con la farmac\u00e9utica AstraZeneca para adquirir la vacuna contra el coronavirus. Los pa\u00edses comunitarios podr\u00e1n comprar 300 millones de dosis a este laboratorio, con la opci\u00f3n de comprar 100 millones adicionales, que se distribuir\u00e1n prorrateados entre la poblaci\u00f3n dentro de 12 a 18 meses.<\/p>\n\n\n\n<p>En ese continente, Francia anunci\u00f3 el uso obligatorio de la mascarilla en todo Par\u00eds, mientras Madrid cerrar\u00e1 los parques por una noche para intentar frenar la propagaci\u00f3n de Covid-19.<\/p>\n\n\n\n<p>En Asia, Corea del Sur tambi\u00e9n aument\u00f3 las restricciones ante el incremento de los contagios.<\/p>\n\n\n\n<p>(Informaci\u00f3n de \u201cLa Jornada\u201d y agencias internacionales)<\/p>\n","protected":false},"excerpt":{"rendered":"<p>Redacci\u00f3n\/Zona Roja. Ciudad de M\u00e9xico, 28 de agosto de 2020.- Una tercera parte de los&hellip;<\/p>\n","protected":false},"author":2,"featured_media":16898,"comment_status":"closed","ping_status":"open","sticky":false,"template":"","format":"standard","meta":{"_lmt_disableupdate":"","_lmt_disable":"","_jetpack_memberships_contains_paid_content":false,"footnotes":""},"categories":[109,47],"tags":[1510],"class_list":["post-16897","post","type-post","status-publish","format-standard","has-post-thumbnail","hentry","category-minuto-a-minuto","category-zona-gris","tag-coronavirus-pandemia-global"],"jetpack_featured_media_url":"https:\/\/zonaroja.com.mx\/wp-content\/uploads\/2020\/08\/Educacion-a-distancia-Unicef.jpg","jetpack_sharing_enabled":true,"_links":{"self":[{"href":"https:\/\/zonaroja.com.mx\/index.php?rest_route=\/wp\/v2\/posts\/16897","targetHints":{"allow":["GET"]}}],"collection":[{"href":"https:\/\/zonaroja.com.mx\/index.php?rest_route=\/wp\/v2\/posts"}],"about":[{"href":"https:\/\/zonaroja.com.mx\/index.php?rest_route=\/wp\/v2\/types\/post"}],"author":[{"embeddable":true,"href":"https:\/\/zonaroja.com.mx\/index.php?rest_route=\/wp\/v2\/users\/2"}],"replies":[{"embeddable":true,"href":"https:\/\/zonaroja.com.mx\/index.php?rest_route=%2Fwp%2Fv2%2Fcomments&post=16897"}],"version-history":[{"count":1,"href":"https:\/\/zonaroja.com.mx\/index.php?rest_route=\/wp\/v2\/posts\/16897\/revisions"}],"predecessor-version":[{"id":16899,"href":"https:\/\/zonaroja.com.mx\/index.php?rest_route=\/wp\/v2\/posts\/16897\/revisions\/16899"}],"wp:featuredmedia":[{"embeddable":true,"href":"https:\/\/zonaroja.com.mx\/index.php?rest_route=\/wp\/v2\/media\/16898"}],"wp:attachment":[{"href":"https:\/\/zonaroja.com.mx\/index.php?rest_route=%2Fwp%2Fv2%2Fmedia&parent=16897"}],"wp:term":[{"taxonomy":"category","embeddable":true,"href":"https:\/\/zonaroja.com.mx\/index.php?rest_route=%2Fwp%2Fv2%2Fcategories&post=16897"},{"taxonomy":"post_tag","embeddable":true,"href":"https:\/\/zonaroja.com.mx\/index.php?rest_route=%2Fwp%2Fv2%2Ftags&post=16897"}],"curies":[{"name":"wp","href":"https:\/\/api.w.org\/{rel}","templated":true}]}}