{"id":16905,"date":"2020-08-28T16:58:56","date_gmt":"2020-08-28T21:58:56","guid":{"rendered":"http:\/\/www.zonaroja.com.mx\/?p=16905"},"modified":"2020-08-28T17:02:20","modified_gmt":"2020-08-28T22:02:20","slug":"se-unen-organizaciones-para-exigir-justicia-por-dirigente-de-fpr-asesinado","status":"publish","type":"post","link":"https:\/\/zonaroja.com.mx\/?p=16905","title":{"rendered":"Se unen organizaciones para exigir justicia por dirigente de FPR asesinado"},"content":{"rendered":"\n<p>Yuridiana Sosa\/Zona Roja.<\/p>\n\n\n\n<p>Oaxaca de Ju\u00e1rez, Oax., 28 de agosto de 2020.- En una nueva etapa de movilizaciones, el Frente Popular Revolucionario (FPR) en alianza con la Asamblea de los Pueblos Ind\u00edgenas- Partido Unidad Popular y el Sindicato de Trabajadores y Profesionales de la Salud, entre otros, realizar\u00e1n manifestaciones en Oaxaca, para exigir justicia por el asesinato del activista Tom\u00e1s Mart\u00ednez Pinacho.<\/p>\n\n\n\n<p>Como parte de su jornada de lucha, al menos una docena de organizaciones se movilizar\u00e1 el pr\u00f3ximo 1 de septiembre, con una marcha que partir\u00e1 de las inmediaciones de la Secretar\u00eda del Bienestar, en Santa Luc\u00eda del Camino, con destino al z\u00f3calo de la capital.<\/p>\n\n\n\n<figure class=\"wp-block-embed-twitter wp-block-embed is-type-rich is-provider-twitter\"><div class=\"wp-block-embed__wrapper\">\n<div class=\"twitter-tweet\"><blockquote class=\"twitter-tweet\" data-lang=\"es\"><p lang=\"es\" dir=\"ltr\"><a href=\"https:\/\/twitter.com\/hashtag\/%C3%9AltimoMinuto?src=hash&amp;ref_src=twsrc%5Etfw\">#\u00daltimoMinuto<\/a> <br>En el z\u00f3calo de la ciudad de Oaxaca, la Asamblea de Pueblos Ind\u00edgenas (API) conden\u00f3 el asesinato de Tom\u00e1s Mart\u00ednez Pinacho, l\u00edder del <a href=\"https:\/\/twitter.com\/FPR_OAXACA?ref_src=twsrc%5Etfw\">@FPR_OAXACA<\/a> en Miahuatl\u00e1n, y exigi\u00f3 a la <a href=\"https:\/\/twitter.com\/FISCALIA_GobOax?ref_src=twsrc%5Etfw\">@FISCALIA_GobOax<\/a> que el crimen no quede en la impunidad, como muchos otros casos. <a href=\"https:\/\/t.co\/mDfPwtxnNC\">pic.twitter.com\/mDfPwtxnNC<\/a><\/p>&mdash; Zona Roja Oaxaca (@MexRoja) <a href=\"https:\/\/twitter.com\/MexRoja\/status\/1299369148703821826?ref_src=twsrc%5Etfw\">28 de agosto de 2020<\/a><\/blockquote><\/div>\n<\/div><\/figure>\n\n\n\n<p>A la Fiscal\u00eda General del Estado demandan investigaciones y cero impunidad en este caso, mientras que tambi\u00e9n expresaron su rechazo a la pol\u00edtica del gobierno que encabeza Andr\u00e9 Manuel L\u00f3pez Obrador, el cual se\u00f1alan ha mostrado injusticia e inacci\u00f3n ante los hechos delictivos en Oaxaca.<\/p>\n\n\n\n<p>En conferencia de prensa, en el z\u00f3calo de la capital, dieron a conocer la alianza entre organizaciones, partidos pol\u00edticos y sindicatos como el de Independiente de Trabajadores y Profesionales de la Salud.<\/p>\n\n\n\n<p>El dirigente del Frente Popular Revolucionario (FRP), Macario Otalo Padilla, responsabiliz\u00f3 al gobierno estatal de cualquier hecho violento contra los integrantes de cada una de las organizaciones unidas, pues aseguraron que los asesinatos como el de Mart\u00ednez Pinacho son parte de la lucha que el gobierno estatal realiza contra las organizaciones sociales que exigen a las autoridades el cumplimiento de sus obligaciones o defienden los derechos del pueblo.<\/p>\n","protected":false},"excerpt":{"rendered":"<p>Yuridiana Sosa\/Zona Roja. Oaxaca de Ju\u00e1rez, Oax., 28 de agosto de 2020.- En una nueva&hellip;<\/p>\n","protected":false},"author":2,"featured_media":16910,"comment_status":"closed","ping_status":"open","sticky":false,"template":"","format":"standard","meta":{"_lmt_disableupdate":"","_lmt_disable":"","_jetpack_memberships_contains_paid_content":false,"footnotes":""},"categories":[109,47],"tags":[1687],"class_list":["post-16905","post","type-post","status-publish","format-standard","has-post-thumbnail","hentry","category-minuto-a-minuto","category-zona-gris","tag-frente-popular-revolucionario-fpr"],"jetpack_featured_media_url":"https:\/\/zonaroja.com.mx\/wp-content\/uploads\/2020\/08\/Conferencia-organizaciones-sociales.jpg","jetpack_sharing_enabled":true,"_links":{"self":[{"href":"https:\/\/zonaroja.com.mx\/index.php?rest_route=\/wp\/v2\/posts\/16905","targetHints":{"allow":["GET"]}}],"collection":[{"href":"https:\/\/zonaroja.com.mx\/index.php?rest_route=\/wp\/v2\/posts"}],"about":[{"href":"https:\/\/zonaroja.com.mx\/index.php?rest_route=\/wp\/v2\/types\/post"}],"author":[{"embeddable":true,"href":"https:\/\/zonaroja.com.mx\/index.php?rest_route=\/wp\/v2\/users\/2"}],"replies":[{"embeddable":true,"href":"https:\/\/zonaroja.com.mx\/index.php?rest_route=%2Fwp%2Fv2%2Fcomments&post=16905"}],"version-history":[{"count":1,"href":"https:\/\/zonaroja.com.mx\/index.php?rest_route=\/wp\/v2\/posts\/16905\/revisions"}],"predecessor-version":[{"id":16907,"href":"https:\/\/zonaroja.com.mx\/index.php?rest_route=\/wp\/v2\/posts\/16905\/revisions\/16907"}],"wp:featuredmedia":[{"embeddable":true,"href":"https:\/\/zonaroja.com.mx\/index.php?rest_route=\/wp\/v2\/media\/16910"}],"wp:attachment":[{"href":"https:\/\/zonaroja.com.mx\/index.php?rest_route=%2Fwp%2Fv2%2Fmedia&parent=16905"}],"wp:term":[{"taxonomy":"category","embeddable":true,"href":"https:\/\/zonaroja.com.mx\/index.php?rest_route=%2Fwp%2Fv2%2Fcategories&post=16905"},{"taxonomy":"post_tag","embeddable":true,"href":"https:\/\/zonaroja.com.mx\/index.php?rest_route=%2Fwp%2Fv2%2Ftags&post=16905"}],"curies":[{"name":"wp","href":"https:\/\/api.w.org\/{rel}","templated":true}]}}