{"id":1691,"date":"2019-06-19T07:32:38","date_gmt":"2019-06-19T12:32:38","guid":{"rendered":"http:\/\/www.zonaroja.com.mx\/?p=1691"},"modified":"2019-06-19T07:32:40","modified_gmt":"2019-06-19T12:32:40","slug":"tres-anos-despues-designan-comision-especial-para-nochixtlan","status":"publish","type":"post","link":"https:\/\/zonaroja.com.mx\/?p=1691","title":{"rendered":"Tres a\u00f1os despu\u00e9s, designan comisi\u00f3n especial para Nochixtl\u00e1n"},"content":{"rendered":"\n<p>Redacci\u00f3n<\/p>\n\n\n\n<p>Oaxaca de\nJu\u00e1rez, Oax., 19 de junio de 2019.- En la v\u00edspera del tercer aniversario del\nenfrentamiento en Asunci\u00f3n Nochixtl\u00e1n, San Pablo Huitzo, Hacienda Blanca y\nTrinidad de Viguera, Oaxaca, el gobierno estatal design\u00f3 a un comisionado\nespecial para la atenci\u00f3n de los hechos ocurridos en esas demarcaciones.<\/p>\n\n\n\n<p>En un\ncomunicado, se inform\u00f3 que el titular de la Secretar\u00eda General de Gobierno\n(Segego), H\u00e9ctor Anuar Mafud Mafud, tom\u00f3 protesta a Juan Rodr\u00edguez Ramos como\nresponsable de esa instancia oficial. <\/p>\n\n\n\n<p>El reci\u00e9n\ndesignado se desempe\u00f1\u00f3 como Visitador General de la Defensor\u00eda de los Derechos\nHumanos del Pueblo de Oaxaca, hasta el pasado 8 de mayo. <\/p>\n\n\n\n<p>Rodr\u00edguez\nRamos es candidato a doctor en Ciencias de la Administraci\u00f3n por la Universidad\nAut\u00f3noma \u201cBenito Ju\u00e1rez\u201d de Oaxaca (UABJO); cuenta con Maestr\u00eda en Derecho por\nla UABJO, as\u00ed como otra Maestr\u00eda en Ciencias Penales con Especialidad en\nCiencia Jur\u00eddico Penal por el Instituto Nacional de Ciencias Penales; estudi\u00f3\nla licenciatura en Derecho y Ciencias Sociales en la UABJO.<\/p>\n\n\n\n<p>Se expuso\nque tiene 26 a\u00f1os de experiencia en la administraci\u00f3n p\u00fablica con enfoque hacia\nla protecci\u00f3n y defensa de los derechos humanos, as\u00ed como la atenci\u00f3n a\nv\u00edctimas, lo que permitir\u00e1 fungir como enlace ciudadano.<\/p>\n","protected":false},"excerpt":{"rendered":"<p>Redacci\u00f3n Oaxaca de Ju\u00e1rez, Oax., 19 de junio de 2019.- En la v\u00edspera del tercer&hellip;<\/p>\n","protected":false},"author":2,"featured_media":1692,"comment_status":"closed","ping_status":"open","sticky":false,"template":"","format":"standard","meta":{"_lmt_disableupdate":"","_lmt_disable":"","_jetpack_memberships_contains_paid_content":false,"footnotes":""},"categories":[109,47],"tags":[152,129,58],"class_list":["post-1691","post","type-post","status-publish","format-standard","has-post-thumbnail","hentry","category-minuto-a-minuto","category-zona-gris","tag-comisionado-especial","tag-enfrentamiento","tag-oaxaca"],"jetpack_featured_media_url":"https:\/\/zonaroja.com.mx\/wp-content\/uploads\/2019\/06\/JUAN-RODR\u00cdGUEZ-COMISIONADO-ESPECIAL-1.jpeg","jetpack_sharing_enabled":true,"_links":{"self":[{"href":"https:\/\/zonaroja.com.mx\/index.php?rest_route=\/wp\/v2\/posts\/1691","targetHints":{"allow":["GET"]}}],"collection":[{"href":"https:\/\/zonaroja.com.mx\/index.php?rest_route=\/wp\/v2\/posts"}],"about":[{"href":"https:\/\/zonaroja.com.mx\/index.php?rest_route=\/wp\/v2\/types\/post"}],"author":[{"embeddable":true,"href":"https:\/\/zonaroja.com.mx\/index.php?rest_route=\/wp\/v2\/users\/2"}],"replies":[{"embeddable":true,"href":"https:\/\/zonaroja.com.mx\/index.php?rest_route=%2Fwp%2Fv2%2Fcomments&post=1691"}],"version-history":[{"count":1,"href":"https:\/\/zonaroja.com.mx\/index.php?rest_route=\/wp\/v2\/posts\/1691\/revisions"}],"predecessor-version":[{"id":1693,"href":"https:\/\/zonaroja.com.mx\/index.php?rest_route=\/wp\/v2\/posts\/1691\/revisions\/1693"}],"wp:featuredmedia":[{"embeddable":true,"href":"https:\/\/zonaroja.com.mx\/index.php?rest_route=\/wp\/v2\/media\/1692"}],"wp:attachment":[{"href":"https:\/\/zonaroja.com.mx\/index.php?rest_route=%2Fwp%2Fv2%2Fmedia&parent=1691"}],"wp:term":[{"taxonomy":"category","embeddable":true,"href":"https:\/\/zonaroja.com.mx\/index.php?rest_route=%2Fwp%2Fv2%2Fcategories&post=1691"},{"taxonomy":"post_tag","embeddable":true,"href":"https:\/\/zonaroja.com.mx\/index.php?rest_route=%2Fwp%2Fv2%2Ftags&post=1691"}],"curies":[{"name":"wp","href":"https:\/\/api.w.org\/{rel}","templated":true}]}}