{"id":16911,"date":"2020-08-28T17:13:40","date_gmt":"2020-08-28T22:13:40","guid":{"rendered":"http:\/\/www.zonaroja.com.mx\/?p=16911"},"modified":"2020-08-28T17:13:43","modified_gmt":"2020-08-28T22:13:43","slug":"morena-inicia-campana-en-oaxaca-para-enjuiciar-a-felipe-calderon-y-a-pena-nieto","status":"publish","type":"post","link":"https:\/\/zonaroja.com.mx\/?p=16911","title":{"rendered":"Morena inicia campa\u00f1a en Oaxaca para enjuiciar a Felipe Calder\u00f3n y a Pe\u00f1a Nieto"},"content":{"rendered":"\n<p>Yuridiana Sosa\/Zona Roja.<\/p>\n\n\n\n<p>Oaxaca de Ju\u00e1rez, Oax., 28 de agosto de 2020.- El Partido Morena en Oaxaca inici\u00f3 este viernes la recaudaci\u00f3n de firmas ciudadanas, como parte del proceso para alcanzar el proceso penal contra los ex presidentes de M\u00e9xico, Felipe Calder\u00f3n Hinojosa y Enrique Pe\u00f1a Nieto, por su presunta participaci\u00f3n en actos de corrupci\u00f3n y violaci\u00f3n de derechos humanos contra los mexicanos.<\/p>\n\n\n\n<p>Los activistas de Unidad de Izquierdas, Juntos Salvemos Oaxaca y legisladores locales y federales, abrieron el proceso en la entidad, el cual inici\u00f3 en otros estados del pa\u00eds en una jornada nacional estimada en un derecho constitucional para la consulta popular y ciudadana.<\/p>\n\n\n\n<p>Para la recaudaci\u00f3n de firmas de la poblaci\u00f3n, Morena instal\u00f3 un m\u00f3dulo permanente en la Alameda de Le\u00f3n, el cual estar\u00e1 en funcionamiento hasta el pr\u00f3ximo 15 de septiembre con el fin de reunir, en todo el pa\u00eds, un mill\u00f3n 600 mil firmas.<\/p>\n\n\n\n<figure class=\"wp-block-embed-twitter wp-block-embed is-type-rich is-provider-twitter\"><div class=\"wp-block-embed__wrapper\">\n<div class=\"twitter-tweet\"><blockquote class=\"twitter-tweet\" data-lang=\"es\"><p lang=\"es\" dir=\"ltr\"><a href=\"https:\/\/twitter.com\/hashtag\/ENVIVO?src=hash&amp;ref_src=twsrc%5Etfw\">#ENVIVO<\/a><br>Oaxaca de Ju\u00e1rez, Oax.. 28 de agosto de 2020.- Conferencia de prensa de militantes y representantes del Partido Morena de Oaxaca.<br><br>Siga aqu\u00ed la transmisi\u00f3n \ud83d\udc47<a href=\"https:\/\/t.co\/O6FWNywu6L\">https:\/\/t.co\/O6FWNywu6L<\/a> <a href=\"https:\/\/t.co\/rrURtAZgUW\">pic.twitter.com\/rrURtAZgUW<\/a><\/p>&mdash; Zona Roja Oaxaca (@MexRoja) <a href=\"https:\/\/twitter.com\/MexRoja\/status\/1299418585798934529?ref_src=twsrc%5Etfw\">28 de agosto de 2020<\/a><\/blockquote><\/div>\n<\/div><\/figure>\n\n\n\n<p>La pregunta que se realizar\u00e1 a la poblaci\u00f3n es: \u201c\u00bfEstar\u00eda usted de acuerdo o no en que se investigue y en su caso se enjuicie a los ex presidentes de la Rep\u00fablica, Felipe Calder\u00f3n y Enrique Pe\u00f1a Nieto por su presunta participaci\u00f3n en diversos hechos de corrupci\u00f3n durante sus mandatos, con pleno respeto y disposiciones constitucionales, legales, aplicables?\u201d.<\/p>\n\n\n\n<p>El senador de Morena, Salom\u00f3n Jara Cruz, presidi\u00f3 el anuncio e indic\u00f3 que este ejercicio cumple con los lineamientos correspondientes y las firmas recaudadas se entregar\u00e1n a la Suprema Corte de Justicia de la Naci\u00f3n, quien evaluar\u00e1 aprobar o no que el Instituto Nacional Electoral organiza la consulta para agosto del 2021.<\/p>\n\n\n\n<p>Explic\u00f3 que otro de los mecanismos para solicitar el juicio pol\u00edtico contra los ex mandatarios nacionales es que los legisladores (diputados y senadores) hagan la petici\u00f3n, lo cual tambi\u00e9n est\u00e1 en proceso para reunir la cantidad de firmas correspondientes para tramitarlo.<\/p>\n\n\n\n<p>Uno de los peticionarios de este proceso a nivel nacional fue el activista oaxaque\u00f1o Flavio Sosa Villavicencio, quien reconoci\u00f3 el avance que representa este paso, el cual en a\u00f1os anteriores a\u00fan era un tema tab\u00fa en M\u00e9xico.<\/p>\n\n\n\n<figure class=\"wp-block-embed-twitter wp-block-embed is-type-rich is-provider-twitter\"><div class=\"wp-block-embed__wrapper\">\n<div class=\"twitter-tweet\"><blockquote class=\"twitter-tweet\" data-lang=\"es\"><p lang=\"es\" dir=\"ltr\">Uno de los promotores de la iniciativa de juicio a ex presidentes de M\u00e9xico, el dirigente de <a href=\"https:\/\/twitter.com\/comunaoax?ref_src=twsrc%5Etfw\">@comunaoax<\/a>, <a href=\"https:\/\/twitter.com\/flaviososavilla?ref_src=twsrc%5Etfw\">@flaviososavilla<\/a>, expuso que es indispensable la participaci\u00f3n de la sociedad en estos procesos democr\u00e1ticos del pa\u00eds. <a href=\"https:\/\/t.co\/nbZBaiRegc\">pic.twitter.com\/nbZBaiRegc<\/a><\/p>&mdash; Zona Roja Oaxaca (@MexRoja) <a href=\"https:\/\/twitter.com\/MexRoja\/status\/1299448311875731456?ref_src=twsrc%5Etfw\">28 de agosto de 2020<\/a><\/blockquote><\/div>\n<\/div><\/figure>\n\n\n\n<p>Dijo que existen m\u00faltiples hechos en agravio a los mexicanos de los que son responsables los dos ex mandatarios, pero enfatiz\u00f3 que para el caso de Calder\u00f3n no se olvida la infraestructura \u201cEstela de Luz\u201d, como un monumento a la corrupci\u00f3n; los nexos con el PRI, los desaparecidos en Oaxaca en 2007, tras el movimiento social del 2006; saqueos; guerra contra el narcotr\u00e1fico que ensangrent\u00f3 el pa\u00eds.<\/p>\n\n\n\n<p>De Pe\u00f1a Nieto, enlist\u00f3 la compra de votos para llegar a la presidencia; la desaparici\u00f3n de los 43 normalistas de Ayotzinapa, entre otros.<\/p>\n\n\n\n<p>\u201cCreemos que deben ser juzgados por los Tribunales, aunque est\u00e9n protegidos por la legislaci\u00f3n\u201d, manifest\u00f3.<\/p>\n","protected":false},"excerpt":{"rendered":"<p>Yuridiana Sosa\/Zona Roja. Oaxaca de Ju\u00e1rez, Oax., 28 de agosto de 2020.- El Partido Morena&hellip;<\/p>\n","protected":false},"author":2,"featured_media":16906,"comment_status":"closed","ping_status":"open","sticky":false,"template":"","format":"standard","meta":{"_lmt_disableupdate":"","_lmt_disable":"","_jetpack_memberships_contains_paid_content":false,"footnotes":""},"categories":[109,46],"tags":[685,939],"class_list":["post-16911","post","type-post","status-publish","format-standard","has-post-thumbnail","hentry","category-minuto-a-minuto","category-zona-blanca","tag-flavio-sosa-villavicencio","tag-salomon-jara-cruz"],"jetpack_featured_media_url":"https:\/\/zonaroja.com.mx\/wp-content\/uploads\/2020\/08\/Conferencia-Salomon-Jara-2.jpg","jetpack_sharing_enabled":true,"_links":{"self":[{"href":"https:\/\/zonaroja.com.mx\/index.php?rest_route=\/wp\/v2\/posts\/16911","targetHints":{"allow":["GET"]}}],"collection":[{"href":"https:\/\/zonaroja.com.mx\/index.php?rest_route=\/wp\/v2\/posts"}],"about":[{"href":"https:\/\/zonaroja.com.mx\/index.php?rest_route=\/wp\/v2\/types\/post"}],"author":[{"embeddable":true,"href":"https:\/\/zonaroja.com.mx\/index.php?rest_route=\/wp\/v2\/users\/2"}],"replies":[{"embeddable":true,"href":"https:\/\/zonaroja.com.mx\/index.php?rest_route=%2Fwp%2Fv2%2Fcomments&post=16911"}],"version-history":[{"count":1,"href":"https:\/\/zonaroja.com.mx\/index.php?rest_route=\/wp\/v2\/posts\/16911\/revisions"}],"predecessor-version":[{"id":16912,"href":"https:\/\/zonaroja.com.mx\/index.php?rest_route=\/wp\/v2\/posts\/16911\/revisions\/16912"}],"wp:featuredmedia":[{"embeddable":true,"href":"https:\/\/zonaroja.com.mx\/index.php?rest_route=\/wp\/v2\/media\/16906"}],"wp:attachment":[{"href":"https:\/\/zonaroja.com.mx\/index.php?rest_route=%2Fwp%2Fv2%2Fmedia&parent=16911"}],"wp:term":[{"taxonomy":"category","embeddable":true,"href":"https:\/\/zonaroja.com.mx\/index.php?rest_route=%2Fwp%2Fv2%2Fcategories&post=16911"},{"taxonomy":"post_tag","embeddable":true,"href":"https:\/\/zonaroja.com.mx\/index.php?rest_route=%2Fwp%2Fv2%2Ftags&post=16911"}],"curies":[{"name":"wp","href":"https:\/\/api.w.org\/{rel}","templated":true}]}}