{"id":16913,"date":"2020-08-28T17:25:58","date_gmt":"2020-08-28T22:25:58","guid":{"rendered":"http:\/\/www.zonaroja.com.mx\/?p=16913"},"modified":"2020-08-28T18:15:01","modified_gmt":"2020-08-28T23:15:01","slug":"busca-legislador-que-proveedores-garanticen-derechos-de-terceras-personas","status":"publish","type":"post","link":"https:\/\/zonaroja.com.mx\/?p=16913","title":{"rendered":"Busca legislador que proveedores garanticen derechos de terceras personas"},"content":{"rendered":"\n<p>Evlin Arag\u00f3n\/Zona Roja.<\/p>\n\n\n\n<p>Oaxaca de Ju\u00e1rez, Oax., 28 de agosto de 2020.- El diputado local por Morena, Oth\u00f3n Cuevas C\u00f3rdova, propuso adhesiones a la Ley de Adquisiciones, Arrendamientos y Servicios del Sector P\u00fablico, con la intenci\u00f3n de que los proveedores garanticen los derechos humanos de terceras personas.<\/p>\n\n\n\n<p>De forma particular, se propone la modificaci\u00f3n al art\u00edculo 45, que explica los requisitos de particulares y empresas para poder prestar, rentar, o vender alg\u00fan bien o servicio al sector p\u00fablico, al cual se agrega la fracci\u00f3n XXI que incluye la declaratoria del proveedor, de abstenerse de infringir los derechos humanos de tercero y tomar medidas adecuadas para prevenirlas, mitigarlas y, en su caso, remediarlas.&nbsp;<\/p>\n\n\n\n<p>\u201cLa presente iniciativa tiene como objetivo adicionar la fracci\u00f3n XXI, recorri\u00e9ndose el orden de la fracci\u00f3n subsecuente, al art\u00edculo 45, de la Ley de Adquisiciones, Arrendamientos y Servicios del Sector P\u00fablico, con la finalidad de estipular que los contratos y pedidos de adquisiciones y servicios, contengan como m\u00ednimo entre otros, la declaratoria del proveedor, de abstenerse de infringir los derechos humanos de terceros y tomar medidas adecuadas para prevenirlas, mitigarlas y, en su caso, remediarlas\u201d, cita el documento.<\/p>\n\n\n\n<p>Con lo anterior, se recorre el orden de la fracci\u00f3n subsecuente, por lo que la adhesi\u00f3n propuesta estar\u00eda seguida de las fracciones XXII y XXIII que establecen los procedimientos para la resoluci\u00f3n de controversias, distintos al procedimiento de conciliaci\u00f3n previstos en la ley; y los dem\u00e1s aspectos y requisito previsto en la convocatoria a la licitaci\u00f3n e invitaciones a cuando menos tres personas, as\u00ed como los relativos al tipo de contrato de que se trata.&nbsp;<\/p>\n\n\n\n<p>Dicho proyecto de exhorto se propone sea remitido a la C\u00e1mara de Diputados del Congreso de la Uni\u00f3n, mismo que entrar\u00eda en vigor al d\u00eda siguiente de su publicaci\u00f3n en el Diario Oficial de la Federal, en caso de ser validado.<\/p>\n\n\n\n<p>Lo anterior, al tomar en cuenta la relevancia de las empresas como empleadores, inversores, fuentes de financiamiento, motores en la competitividad, capacitaci\u00f3n y el desarrollo de capital humano, y la necesidad de que est\u00e1s garanticen los derechos humanos de su personal y sus consumidores, incluido el sector p\u00fablico federal.&nbsp;<\/p>\n\n\n\n<p>Cuevas C\u00f3rdova record\u00f3 que de acuerdo con la Comisi\u00f3n Nacional de Derechos Humanos (CNDH), el respeto a las garant\u00edas individuales, no incide en la posible disminuci\u00f3n de la ganancia econ\u00f3mica de las empresas, al contrario, la m\u00e1xima al generar beneficios colectivos, por lo que confi\u00f3 en que sea bien vista por sus hom\u00f3logos federales.&nbsp;<\/p>\n\n\n\n<p>As\u00ed mismo, explic\u00f3 que en la actualidad son necesarios modelos econ\u00f3micos sostenibles que reflejen un incremento en su utilidad empresarial, al mismo tiempo que aporten al desarrollo del pa\u00eds al impactar positivamente en un mayor n\u00famero de personas de la sociedad.&nbsp;<\/p>\n","protected":false},"excerpt":{"rendered":"<p>Evlin Arag\u00f3n\/Zona Roja. Oaxaca de Ju\u00e1rez, Oax., 28 de agosto de 2020.- El diputado local&hellip;<\/p>\n","protected":false},"author":2,"featured_media":16915,"comment_status":"closed","ping_status":"open","sticky":false,"template":"","format":"standard","meta":{"_lmt_disableupdate":"","_lmt_disable":"","_jetpack_memberships_contains_paid_content":false,"footnotes":""},"categories":[109,46],"tags":[1311],"class_list":["post-16913","post","type-post","status-publish","format-standard","has-post-thumbnail","hentry","category-minuto-a-minuto","category-zona-blanca","tag-othon-cuevas-cordova"],"jetpack_featured_media_url":"https:\/\/zonaroja.com.mx\/wp-content\/uploads\/2020\/08\/img_4755.jpg","jetpack_sharing_enabled":true,"_links":{"self":[{"href":"https:\/\/zonaroja.com.mx\/index.php?rest_route=\/wp\/v2\/posts\/16913","targetHints":{"allow":["GET"]}}],"collection":[{"href":"https:\/\/zonaroja.com.mx\/index.php?rest_route=\/wp\/v2\/posts"}],"about":[{"href":"https:\/\/zonaroja.com.mx\/index.php?rest_route=\/wp\/v2\/types\/post"}],"author":[{"embeddable":true,"href":"https:\/\/zonaroja.com.mx\/index.php?rest_route=\/wp\/v2\/users\/2"}],"replies":[{"embeddable":true,"href":"https:\/\/zonaroja.com.mx\/index.php?rest_route=%2Fwp%2Fv2%2Fcomments&post=16913"}],"version-history":[{"count":1,"href":"https:\/\/zonaroja.com.mx\/index.php?rest_route=\/wp\/v2\/posts\/16913\/revisions"}],"predecessor-version":[{"id":16914,"href":"https:\/\/zonaroja.com.mx\/index.php?rest_route=\/wp\/v2\/posts\/16913\/revisions\/16914"}],"wp:featuredmedia":[{"embeddable":true,"href":"https:\/\/zonaroja.com.mx\/index.php?rest_route=\/wp\/v2\/media\/16915"}],"wp:attachment":[{"href":"https:\/\/zonaroja.com.mx\/index.php?rest_route=%2Fwp%2Fv2%2Fmedia&parent=16913"}],"wp:term":[{"taxonomy":"category","embeddable":true,"href":"https:\/\/zonaroja.com.mx\/index.php?rest_route=%2Fwp%2Fv2%2Fcategories&post=16913"},{"taxonomy":"post_tag","embeddable":true,"href":"https:\/\/zonaroja.com.mx\/index.php?rest_route=%2Fwp%2Fv2%2Ftags&post=16913"}],"curies":[{"name":"wp","href":"https:\/\/api.w.org\/{rel}","templated":true}]}}