{"id":16916,"date":"2020-08-28T20:01:16","date_gmt":"2020-08-29T01:01:16","guid":{"rendered":"http:\/\/www.zonaroja.com.mx\/?p=16916"},"modified":"2020-08-28T20:01:19","modified_gmt":"2020-08-29T01:01:19","slug":"la-amic-pone-en-marcha-brigadas-de-apoyo-a-la-poblacion-de-oaxaca","status":"publish","type":"post","link":"https:\/\/zonaroja.com.mx\/?p=16916","title":{"rendered":"La AMIC pone en marcha brigadas de apoyo a la poblaci\u00f3n de Oaxaca"},"content":{"rendered":"\n<p>Redacci\u00f3n\/Zona Roja.<\/p>\n\n\n\n<p>Oaxaca de Ju\u00e1rez, Oax., 28 de agosto de 2020.- La Asociaci\u00f3n Mexicana de la Industria de la Construcci\u00f3n (AMIC), delegaci\u00f3n Oaxaca, puso en marcha una iniciativa ciudadana para brindar apoyo a sectores vulnerables de la sociedad, afectados por la epidemia de Covid-19, econ\u00f3micamente, pero tambi\u00e9n en materia de salud.<\/p>\n\n\n\n<p>La intenci\u00f3n de los constructores oaxaque\u00f1os es dotar de insumos o apoyos para ayudar a las personas que m\u00e1s lo necesitan y que su actividad productiva no se frene, en medio de la crisis sanitaria y econ\u00f3mica que ha generado la pandemia.<\/p>\n\n\n\n<p>Una de las primeras acciones que han realizado las Brigadas AMIC es la dotaci\u00f3n de cubrebocas a comerciantes ambulantes, que trabajan en el Centro Hist\u00f3rico de la ciudad de Oaxaca.<\/p>\n\n\n\n<p>De acuerdo con el presidente de la AMIC, Javier Ch\u00e1vez, los constructores oaxaque\u00f1os entregaron m\u00e1s de dos mil 500 cubrebocas a cientos de personas que desempe\u00f1an alg\u00fan tipo de trabajo en la v\u00eda p\u00fablica.<\/p>\n\n\n\n<p>\u201cAunque parezca menor, consideramos que es un gran aporte que hacemos como ciudadanos para que las personas de menos recursos puedan seguirse desempe\u00f1ando con seguridad, mientras realizan las labores con las que llevan el dinero a casa\u201d, se\u00f1al\u00f3.<\/p>\n\n\n\n<p>Javier Ch\u00e1vez indic\u00f3 que para muchas de estas personas que no tienen un sueldo fijo o viven al d\u00eda, el gasto diario en un cubrebocas, que adem\u00e1s los protege contra las infecciones de Covid, les puede ocasionar una importante disminuci\u00f3n en el recurso que llevan a casa para satisfacer sus necesidades b\u00e1sicas.<\/p>\n\n\n\n<figure class=\"wp-block-image size-large\"><img decoding=\"async\" width=\"1024\" height=\"682\" src=\"http:\/\/www.zonaroja.com.mx\/wp-content\/uploads\/2020\/08\/AMIC-brigada-de-apoyo-1-1024x682.jpg\" alt=\"\" class=\"wp-image-16918\" srcset=\"https:\/\/zonaroja.com.mx\/wp-content\/uploads\/2020\/08\/AMIC-brigada-de-apoyo-1-1024x682.jpg 1024w, https:\/\/zonaroja.com.mx\/wp-content\/uploads\/2020\/08\/AMIC-brigada-de-apoyo-1-300x200.jpg 300w, https:\/\/zonaroja.com.mx\/wp-content\/uploads\/2020\/08\/AMIC-brigada-de-apoyo-1-768x512.jpg 768w, https:\/\/zonaroja.com.mx\/wp-content\/uploads\/2020\/08\/AMIC-brigada-de-apoyo-1-1170x780.jpg 1170w, https:\/\/zonaroja.com.mx\/wp-content\/uploads\/2020\/08\/AMIC-brigada-de-apoyo-1-585x390.jpg 585w, https:\/\/zonaroja.com.mx\/wp-content\/uploads\/2020\/08\/AMIC-brigada-de-apoyo-1-263x175.jpg 263w, https:\/\/zonaroja.com.mx\/wp-content\/uploads\/2020\/08\/AMIC-brigada-de-apoyo-1.jpg 1280w\" sizes=\"(max-width: 1024px) 100vw, 1024px\" \/><\/figure>\n\n\n\n<p>\u201cEn esta primera participaci\u00f3n de las brigadas AMIC repartimos m\u00e1s de dos mil 500 cubrebocas, para que la gente que trabaja en la v\u00eda p\u00fablica pueda protegerse al menos durante 15 d\u00edas, sin necesidad de estar gastando el dinero de su familia en una protecci\u00f3n que de otra manera ser\u00eda m\u00e1s dif\u00edcil para ellos conseguir.<\/p>\n\n\n\n<p>\u201cSin embargo, vamos a continuar con el reparto de estos accesorios, porque ha quedado demostrado que es la mejor manera de evitar los contagios con Covid, y si las personas pueden seguir trabajando con seguridad, nos permitir\u00e1 reactivar la econom\u00eda de manera m\u00e1s r\u00e1pida y eficaz\u201d, insisti\u00f3 el dirigente de los constructores oaxaque\u00f1os.<\/p>\n\n\n\n<p>Javier Ch\u00e1vez asegur\u00f3 que en la AMIC est\u00e1n abiertos a todo tipo de propuestas e iniciativas ciudadanas que beneficien directamente a los sectores m\u00e1s desprotegidos, por lo que, se trabaja ya en el dise\u00f1o de otras iniciativas que impacten en sectores como la educaci\u00f3n, deportes, comercio y econom\u00eda, que se pondr\u00e1n en marcha a trav\u00e9s de las Brigadas AMIC.<\/p>\n","protected":false},"excerpt":{"rendered":"<p>Redacci\u00f3n\/Zona Roja. Oaxaca de Ju\u00e1rez, Oax., 28 de agosto de 2020.- La Asociaci\u00f3n Mexicana de&hellip;<\/p>\n","protected":false},"author":2,"featured_media":16917,"comment_status":"closed","ping_status":"open","sticky":false,"template":"","format":"standard","meta":{"_lmt_disableupdate":"","_lmt_disable":"","_jetpack_memberships_contains_paid_content":false,"footnotes":""},"categories":[109,46],"tags":[1918,1924],"class_list":["post-16916","post","type-post","status-publish","format-standard","has-post-thumbnail","hentry","category-minuto-a-minuto","category-zona-blanca","tag-asociacion-mexicana-de-la-industria-de-la-construccion","tag-hector-javier-chavez-rosales"],"jetpack_featured_media_url":"https:\/\/zonaroja.com.mx\/wp-content\/uploads\/2020\/08\/AMIC-brigada-de-apoyo-2.jpg","jetpack_sharing_enabled":true,"_links":{"self":[{"href":"https:\/\/zonaroja.com.mx\/index.php?rest_route=\/wp\/v2\/posts\/16916","targetHints":{"allow":["GET"]}}],"collection":[{"href":"https:\/\/zonaroja.com.mx\/index.php?rest_route=\/wp\/v2\/posts"}],"about":[{"href":"https:\/\/zonaroja.com.mx\/index.php?rest_route=\/wp\/v2\/types\/post"}],"author":[{"embeddable":true,"href":"https:\/\/zonaroja.com.mx\/index.php?rest_route=\/wp\/v2\/users\/2"}],"replies":[{"embeddable":true,"href":"https:\/\/zonaroja.com.mx\/index.php?rest_route=%2Fwp%2Fv2%2Fcomments&post=16916"}],"version-history":[{"count":1,"href":"https:\/\/zonaroja.com.mx\/index.php?rest_route=\/wp\/v2\/posts\/16916\/revisions"}],"predecessor-version":[{"id":16919,"href":"https:\/\/zonaroja.com.mx\/index.php?rest_route=\/wp\/v2\/posts\/16916\/revisions\/16919"}],"wp:featuredmedia":[{"embeddable":true,"href":"https:\/\/zonaroja.com.mx\/index.php?rest_route=\/wp\/v2\/media\/16917"}],"wp:attachment":[{"href":"https:\/\/zonaroja.com.mx\/index.php?rest_route=%2Fwp%2Fv2%2Fmedia&parent=16916"}],"wp:term":[{"taxonomy":"category","embeddable":true,"href":"https:\/\/zonaroja.com.mx\/index.php?rest_route=%2Fwp%2Fv2%2Fcategories&post=16916"},{"taxonomy":"post_tag","embeddable":true,"href":"https:\/\/zonaroja.com.mx\/index.php?rest_route=%2Fwp%2Fv2%2Ftags&post=16916"}],"curies":[{"name":"wp","href":"https:\/\/api.w.org\/{rel}","templated":true}]}}