{"id":16924,"date":"2020-08-28T21:37:16","date_gmt":"2020-08-29T02:37:16","guid":{"rendered":"http:\/\/www.zonaroja.com.mx\/?p=16924"},"modified":"2020-08-28T21:37:18","modified_gmt":"2020-08-29T02:37:18","slug":"tras-presumir-cateos-por-pifias-de-fiscalia-quedan-en-libertad-dos-personas","status":"publish","type":"post","link":"https:\/\/zonaroja.com.mx\/?p=16924","title":{"rendered":"Tras presumir cateos, por pifias de Fiscal\u00eda quedan en libertad dos personas"},"content":{"rendered":"\n<p>Redacci\u00f3n\/Zona Roja.<\/p>\n\n\n\n<p>Oaxaca de Ju\u00e1rez, Oax., 28 de agosto de 2020.- Luego de presumir la Fiscal\u00eda General del Estado de Oaxaca en un comunicado, un operativo efectuado la semana pasada en la regi\u00f3n del Istmo de Tehuantepec, dos personas quedaron en libertad, debido a fallas cometidas por personal de la instituci\u00f3n ministerial.<\/p>\n\n\n\n<p>La revisi\u00f3n y aprehensi\u00f3n fue efectuada el pasado martes 25 de agosto en un domicilio del municipio de Santiago Laollaga, donde adem\u00e1s difundi\u00f3 el aseguramiento de droga y armas.<\/p>\n\n\n\n<p>\u00abPosteriormente, se cumpliment\u00f3 otra orden de cateo en un domicilio situado en inmediaciones de la colonia Benito Ju\u00e1rez, Santiago Laollaga, logrando asegurar diferentes envoltorios de hierba seca con caracter\u00edsticas de marihuana.<\/p>\n\n\n\n<p>\u00abAdem\u00e1s, se asegur\u00f3 una escopeta, cartuchos de diferentes calibres, uniformes de seguridad ap\u00f3crifos, dinero en efectivo, una b\u00e1scula y una motocicleta\u00bb, refiere el comunicado de prensa de esa fecha.<\/p>\n\n\n\n<p>Sin embargo, las dos personas aprehendidas quedaron en libertad y presentaron adem\u00e1s una queja en la Visitadur\u00eda de la Fiscal\u00eda, por violaci\u00f3n a sus garant\u00edas individuales.<\/p>\n\n\n\n<p>Ayer jueves, al vencer el t\u00e9rmino constitucional de 48 horas que tiene el Ministerio P\u00fablico, ante el juez llev\u00f3 a un var\u00f3n, pero a la mujer no la hab\u00eda dejado en libertad y tampoco la present\u00f3 para ponerla a disposici\u00f3n.<\/p>\n\n\n\n<p>En audiencia celebrada en el Juzgado de control del distrito judicial de Tehuantepec, Oaxaca, en la causa penal 246\/2020, se orden\u00f3 la inmediata libertad de E.M.L. y A.M.L., quienes fueron detenidos el cateo.<\/p>\n\n\n\n<p>La libertad de A.M.L. fue otorgada en virtud de que el Ministerio Publico que integr\u00f3 la carpeta de investigaci\u00f3n&nbsp; 24506\/FIST\/IXTEPEC\/2020&nbsp; se equivoc\u00f3 en la puesta a disposici\u00f3n de los detenidos pues de hecho, mas no de derecho,&nbsp; la llevo materialmente al juzgado de control citado, siendo trasladada por elementos de la Agencia Estatal de Investigaciones (AEI).<\/p>\n\n\n\n<p>Pero al iniciar la audiencia de control de detenci\u00f3n, \u00fanicamente ingreso a la sala su esposo de nombre E.M.L., lo anterior, porque el Ministerio Publico al consignar a los detenidos \u00fanicamente y por error consign\u00f3 al var\u00f3n de iniciales E.M.L., mas no&nbsp; su esposa.<\/p>\n\n\n\n<p>Esta situaci\u00f3n la hizo ver la Jueza de Control, por lo que el Ministerio Publico citado pidi\u00f3 un receso y al regresar del mismo hizo del conocimiento al \u00f3rgano jurisdiccional que esperaba le llevaran al juzgado la boleta de libertad para que se pudiera retirar A.M.L.<\/p>\n\n\n\n<p>Por ello, el abogado defensor, Gerardo Francisco L\u00f3pez Garc\u00eda, present\u00f3 una queja v\u00eda telef\u00f3nica,&nbsp; ante la Visitadur\u00eda de la Fiscal\u00eda General&nbsp; del Estado de Oaxaca, por la detenci\u00f3n ilegal que estaba sufriendo su defendida A.M.L., pues ya hab\u00eda transcurrido con exceso el termino de 48 horas que tiene el Ministerio P\u00fablico para resolver la situaci\u00f3n jur\u00eddica de una persona.<\/p>\n\n\n\n<p>En el caso del var\u00f3n, la defensa se opuso de que se calificara de legal la detenci\u00f3n en virtud de que si bien es cierto el juez de control del Distrito Judicial de Juchit\u00e1n, Oaxaca hab\u00eda dictado una orden de cateo, tambi\u00e9n lo era que el Ministerio Publico consign\u00f3 la carpeta de investigaci\u00f3n al Juez de Control de Tehuantepec, Oaxaca, quien resultaba incompetente, en raz\u00f3n de territorio, pues lo era Juchit\u00e1n, quien hab\u00eda dictado la orden de cateo y precisamente ese distrito judicial deb\u00eda conocer de la consignaci\u00f3n con detenido.<\/p>\n\n\n\n<p>L\u00f3pez Garc\u00eda aleg\u00f3 en favor de su defendido, que tambi\u00e9n la detenci\u00f3n resultaba inconstitucional pues no cumpl\u00eda con las formalidades de los art\u00edculos 16 de la Constituci\u00f3n y 288 del C\u00f3digo Nacional de Procedimientos Penales, ya que para el legal cumplimiento de una orden de cateo se necesitan varios requisitos, dentro de los que destacan que se tiene que elaborar un acta circunstanciada en presencia de dos testigos propuestos por el ocupante del lugar cateado o en su caso por la autoridad que realiza el cateo.<\/p>\n\n\n\n<p>Requisitos que no se cumplieron, puesto que el Ministerio P\u00fablico en ning\u00fan momento elabor\u00f3 esta acta circunstanciada queriendo sustituir la misma con un Informe Policial Homologado, elaborado por dos elementos de la Agencia Estatal de Investigaciones, haciendo referencia el defensor de los lineamientos de un Informe Policial Homologado, cuyo fundamento los es la Ley General de Seguridad P\u00fablica&nbsp; y que en ning\u00fan momento esta ley le otorga al Informe Policial Homologado la categor\u00eda de acta circunstancial de un cateo.<\/p>\n\n\n\n<p>Por lo que la Jueza de Control resolvi\u00f3 en primer lugar que no era competente para conocer de dicha audiencia, adem\u00e1s de que no se incorpor\u00f3 ning\u00fan acta circunstanciada de la ejecuci\u00f3n de la orden de cateo, y tom\u00f3 en&nbsp; cuenta los argumentos del defensor.<\/p>\n\n\n\n<p>Por lo que a su juicio, decret\u00f3 que la forma en la que fue detenido el se\u00f1or E.M.L. fue ilegal, pues derivaba de un acto il\u00edcito, de un acto ilegal que no fue emitido por una autoridad competente, para ejercer un acto de molestia en el domicilio del se\u00f1or E.M.L., por lo que resolvi\u00f3&nbsp; no decretar de legal la detenci\u00f3n de EML, ordenando de inmediato su libertad.<\/p>\n","protected":false},"excerpt":{"rendered":"<p>Redacci\u00f3n\/Zona Roja. Oaxaca de Ju\u00e1rez, Oax., 28 de agosto de 2020.- Luego de presumir la&hellip;<\/p>\n","protected":false},"author":2,"featured_media":16925,"comment_status":"closed","ping_status":"open","sticky":false,"template":"","format":"standard","meta":{"_lmt_disableupdate":"","_lmt_disable":"","_jetpack_memberships_contains_paid_content":false,"footnotes":""},"categories":[109,47],"tags":[494],"class_list":["post-16924","post","type-post","status-publish","format-standard","has-post-thumbnail","hentry","category-minuto-a-minuto","category-zona-gris","tag-fiscalia-general-del-estado-de-oaxaca"],"jetpack_featured_media_url":"https:\/\/zonaroja.com.mx\/wp-content\/uploads\/2020\/08\/Detenidos-Laollaga.jpg","jetpack_sharing_enabled":true,"_links":{"self":[{"href":"https:\/\/zonaroja.com.mx\/index.php?rest_route=\/wp\/v2\/posts\/16924","targetHints":{"allow":["GET"]}}],"collection":[{"href":"https:\/\/zonaroja.com.mx\/index.php?rest_route=\/wp\/v2\/posts"}],"about":[{"href":"https:\/\/zonaroja.com.mx\/index.php?rest_route=\/wp\/v2\/types\/post"}],"author":[{"embeddable":true,"href":"https:\/\/zonaroja.com.mx\/index.php?rest_route=\/wp\/v2\/users\/2"}],"replies":[{"embeddable":true,"href":"https:\/\/zonaroja.com.mx\/index.php?rest_route=%2Fwp%2Fv2%2Fcomments&post=16924"}],"version-history":[{"count":1,"href":"https:\/\/zonaroja.com.mx\/index.php?rest_route=\/wp\/v2\/posts\/16924\/revisions"}],"predecessor-version":[{"id":16926,"href":"https:\/\/zonaroja.com.mx\/index.php?rest_route=\/wp\/v2\/posts\/16924\/revisions\/16926"}],"wp:featuredmedia":[{"embeddable":true,"href":"https:\/\/zonaroja.com.mx\/index.php?rest_route=\/wp\/v2\/media\/16925"}],"wp:attachment":[{"href":"https:\/\/zonaroja.com.mx\/index.php?rest_route=%2Fwp%2Fv2%2Fmedia&parent=16924"}],"wp:term":[{"taxonomy":"category","embeddable":true,"href":"https:\/\/zonaroja.com.mx\/index.php?rest_route=%2Fwp%2Fv2%2Fcategories&post=16924"},{"taxonomy":"post_tag","embeddable":true,"href":"https:\/\/zonaroja.com.mx\/index.php?rest_route=%2Fwp%2Fv2%2Ftags&post=16924"}],"curies":[{"name":"wp","href":"https:\/\/api.w.org\/{rel}","templated":true}]}}