{"id":16927,"date":"2020-08-28T22:03:00","date_gmt":"2020-08-29T03:03:00","guid":{"rendered":"http:\/\/www.zonaroja.com.mx\/?p=16927"},"modified":"2020-08-28T22:03:04","modified_gmt":"2020-08-29T03:03:04","slug":"pese-a-altos-contagios-pasa-oaxaca-a-semaforo-epidemiologico-amarrillo-de-covid","status":"publish","type":"post","link":"https:\/\/zonaroja.com.mx\/?p=16927","title":{"rendered":"Pese a altos contagios, pasa Oaxaca a sem\u00e1foro epidemiol\u00f3gico amarrillo de Covid"},"content":{"rendered":"\n<p>Redacci\u00f3n\/Zona Roja.<\/p>\n\n\n\n<p>Oaxaca de Ju\u00e1rez, Oax. 28 de agosto de 2020.- A pesar de que el n\u00famero diario de contagios y decesos por Covid-19 no ha registrado un descenso significativo, el gobierno federal anunci\u00f3 que Oaxaca iniciar\u00e1 la pr\u00f3xima semana en sem\u00e1foro epidemiol\u00f3gico amarillo, que significa menor riesgo para la salud.<\/p>\n\n\n\n<p>Por su parte, la dependencia Servicios de Salud de Oaxaca (SSO) inform\u00f3 que este viernes 28 de agosto se registraron 130 contagios nuevos a Covid-19, sumando 13 mil 401 casos acumulados en toda la entidad.<\/p>\n\n\n\n<p>Sostuvo que se han notificado 19 mil 907 casos, de los cuales cinco mil 811 han sido negativos, hay 695 casos sospechosos en espera de resultados por laboratorio, 11 mil 713 se han recuperado; hoy se registraron 10 decesos, siendo mil 261 defunciones de manera acumulada.<\/p>\n\n\n\n<p>Agreg\u00f3 que la Jurisdicci\u00f3n Sanitaria n\u00famero uno Valles Centrales registr\u00f3 ocho mil 796 casos confirmados y 602 defunciones, Tuxtepec mil 600 y 233 fallecimientos, Istmo mil 374 y 245 decesos, Mixteca 819 y 80 muertes, Costa 586 y 64 decesos y la Sierra (Norte) 226 y 37 defunciones.<\/p>\n\n\n\n<figure class=\"wp-block-embed-twitter wp-block-embed is-type-rich is-provider-twitter\"><div class=\"wp-block-embed__wrapper\">\n<div class=\"twitter-tweet\"><blockquote class=\"twitter-tweet\" data-lang=\"es\"><p lang=\"es\" dir=\"ltr\">Juntos podemos salvaguardar la <a href=\"https:\/\/twitter.com\/hashtag\/Salud?src=hash&amp;ref_src=twsrc%5Etfw\">#Salud<\/a> nuestras familias.<br>Mantengamos el uso de <a href=\"https:\/\/twitter.com\/hashtag\/Cubrebocas?src=hash&amp;ref_src=twsrc%5Etfw\">#Cubrebocas<\/a> tapando bien nariz, boca y ment\u00f3n, si debemos salir de casa respetemos una <a href=\"https:\/\/twitter.com\/hashtag\/SanaDistancia?src=hash&amp;ref_src=twsrc%5Etfw\">#SanaDistancia<\/a> de al menos un metro y medio entre personas, y no debemos olvidar lavarnos las manos frecuentemente <a href=\"https:\/\/t.co\/QFFtzxZgVM\">pic.twitter.com\/QFFtzxZgVM<\/a><\/p>&mdash; Servicios de Salud (@SSO_GobOax) <a href=\"https:\/\/twitter.com\/SSO_GobOax\/status\/1299515197384568832?ref_src=twsrc%5Etfw\">29 de agosto de 2020<\/a><\/blockquote><\/div>\n<\/div><\/figure>\n\n\n\n<p>Dijo que los 130 casos nuevos se distribuyen en 45 municipios, siendo los que el mayor n\u00famero de casos presentan: Oaxaca de Ju\u00e1rez con 23, Huajuapan de Le\u00f3n 17, Santa Cruz Xoxocotl\u00e1n y Santa Mar\u00eda Huatulco ocho cada uno, Santa Luc\u00eda del Camino y Santa Mar\u00eda del Tule cinco cada uno, Villa de Zaachila y Barrio de la Soledad cuatro cada uno, el resto tres, dos y uno.<\/p>\n\n\n\n<p>Detall\u00f3 que hay 427 casos activos, de los cuales la Jurisdicci\u00f3n Sanitaria n\u00famero uno Valles Centrales registra 295, predominando en los municipios de Oaxaca de Ju\u00e1rez, Santa Cruz Xoxocotl\u00e1n y Santa Luc\u00eda del Camino; en el Istmo 18 casos, principalmente en Salina Cruz y Juchit\u00e1n de Zaragoza; en Tuxtepec; en la Costa 27, en municipios como Santa Mar\u00eda Huatulco, San Pedro Mixtepec y San Pedro Pochutla; en la Mixteca 68 principalmente en Huajuapan de Le\u00f3n; y la Sierra Norte 11, destacando Tlacolula de Matamoros.<\/p>\n\n\n\n<p>Dentro de la ocupaci\u00f3n hospitalaria, el 41.1% de los hospitales que atienden a pacientes COVID-19, est\u00e1n siendo ocupados, de los cuales el 46.2% de ocupaci\u00f3n de camas son sin ventilador y el 30.4% con ventilador.<\/p>\n","protected":false},"excerpt":{"rendered":"<p>Redacci\u00f3n\/Zona Roja. Oaxaca de Ju\u00e1rez, Oax. 28 de agosto de 2020.- A pesar de que&hellip;<\/p>\n","protected":false},"author":2,"featured_media":16928,"comment_status":"closed","ping_status":"open","sticky":false,"template":"","format":"standard","meta":{"_lmt_disableupdate":"","_lmt_disable":"","_jetpack_memberships_contains_paid_content":false,"footnotes":""},"categories":[109,47],"tags":[1512],"class_list":["post-16927","post","type-post","status-publish","format-standard","has-post-thumbnail","hentry","category-minuto-a-minuto","category-zona-gris","tag-coronavirus-oaxaca"],"jetpack_featured_media_url":"https:\/\/zonaroja.com.mx\/wp-content\/uploads\/2020\/08\/SSO-2-1-1.jpeg","jetpack_sharing_enabled":true,"_links":{"self":[{"href":"https:\/\/zonaroja.com.mx\/index.php?rest_route=\/wp\/v2\/posts\/16927","targetHints":{"allow":["GET"]}}],"collection":[{"href":"https:\/\/zonaroja.com.mx\/index.php?rest_route=\/wp\/v2\/posts"}],"about":[{"href":"https:\/\/zonaroja.com.mx\/index.php?rest_route=\/wp\/v2\/types\/post"}],"author":[{"embeddable":true,"href":"https:\/\/zonaroja.com.mx\/index.php?rest_route=\/wp\/v2\/users\/2"}],"replies":[{"embeddable":true,"href":"https:\/\/zonaroja.com.mx\/index.php?rest_route=%2Fwp%2Fv2%2Fcomments&post=16927"}],"version-history":[{"count":1,"href":"https:\/\/zonaroja.com.mx\/index.php?rest_route=\/wp\/v2\/posts\/16927\/revisions"}],"predecessor-version":[{"id":16929,"href":"https:\/\/zonaroja.com.mx\/index.php?rest_route=\/wp\/v2\/posts\/16927\/revisions\/16929"}],"wp:featuredmedia":[{"embeddable":true,"href":"https:\/\/zonaroja.com.mx\/index.php?rest_route=\/wp\/v2\/media\/16928"}],"wp:attachment":[{"href":"https:\/\/zonaroja.com.mx\/index.php?rest_route=%2Fwp%2Fv2%2Fmedia&parent=16927"}],"wp:term":[{"taxonomy":"category","embeddable":true,"href":"https:\/\/zonaroja.com.mx\/index.php?rest_route=%2Fwp%2Fv2%2Fcategories&post=16927"},{"taxonomy":"post_tag","embeddable":true,"href":"https:\/\/zonaroja.com.mx\/index.php?rest_route=%2Fwp%2Fv2%2Ftags&post=16927"}],"curies":[{"name":"wp","href":"https:\/\/api.w.org\/{rel}","templated":true}]}}