{"id":16930,"date":"2020-08-29T07:25:36","date_gmt":"2020-08-29T12:25:36","guid":{"rendered":"http:\/\/www.zonaroja.com.mx\/?p=16930"},"modified":"2020-08-29T07:25:40","modified_gmt":"2020-08-29T12:25:40","slug":"municipio-de-tuxtepec-con-el-mayor-numero-de-secuestros-en-oaxaca","status":"publish","type":"post","link":"https:\/\/zonaroja.com.mx\/?p=16930","title":{"rendered":"Municipio de Tuxtepec, con el mayor n\u00famero de secuestros en Oaxaca"},"content":{"rendered":"\n<p>Yuridiana Sosa\/Zona Roja.<\/p>\n\n\n\n<p>Oaxaca de Ju\u00e1rez, Oax., 29 de agosto de 2020.- En el transcurso de diciembre de 2018 a julio de 2020, el municipio de San Juan Bautista Tuxtepec, en la regi\u00f3n de la Cuenca, se posicion\u00f3 como el sitio con el n\u00famero m\u00e1s elevado en secuestros ocurridos en Oaxaca.<\/p>\n\n\n\n<p>La asociaci\u00f3n Alto al Secuestro dio a conocer que en 18 meses se han cometido 47 secuestros en territorio oaxaque\u00f1os, de los que 11 se llevaron a cabo en Tuxtepec, lo que representa el 23.4 por ciento de la incidencia estatal.<\/p>\n\n\n\n<p>En la regi\u00f3n de la Cuenca, al norte del estado, tambi\u00e9n se cometieron secuestros en los municipios de Acatl\u00e1n de P\u00e9rez Figueroa, San Felipe Jalapa de D\u00edaz, San Miguel Soyaltepec, Santa Mar\u00eda Jacatepec, con un caso cada uno, lo que la cifra de casos en la regi\u00f3n asciende a 15, ocupando el primer lugar como la zona con mayor n\u00famero de casos.<\/p>\n\n\n\n<p>Por n\u00famero de incidencia delictiva, la segunda posici\u00f3n la comparten los municipios de Oaxaca de Ju\u00e1rez, en Valles Centrales y la Heroica Ciudad de Tlaxiaco, en la Mixteca, con cuatro hechos cada uno.<\/p>\n\n\n\n<p>Con dos casos, entraron a la lista Santiago Juxtlahuaca, Santiago Pinotepa Nacional y Tlalixtac de Cabrera.<\/p>\n\n\n\n<p>Mientras que con un secuestro se registr\u00f3 ese delito de alto impacto en Asunci\u00f3n Ixtaltepec, Chahuites, El Espinal, Heroica Ciudad de Ejutla de Crespo, Huajuapan de Le\u00f3n, Juchit\u00e1n de Zaragoza, Huautla de Jim\u00e9nez, Miahuatl\u00e1n de Porfirio D\u00edaz, San Dionisio Ocotepec y San Jos\u00e9 del Progreso.<\/p>\n\n\n\n<p>Tambi\u00e9n con un hecho se contabiliz\u00f3 a San Miguel Papalutla, Santa Luc\u00eda del Camino, Santa Mar\u00eda Ipalapa, Santiago Jamiltepec, Santiago Matatl\u00e1n, Tlacolula de Matamoros y Villa de Zaachila; as\u00ed como un caso sin dato sobre el municipio.<\/p>\n","protected":false},"excerpt":{"rendered":"<p>Yuridiana Sosa\/Zona Roja. Oaxaca de Ju\u00e1rez, Oax., 29 de agosto de 2020.- En el transcurso&hellip;<\/p>\n","protected":false},"author":2,"featured_media":7503,"comment_status":"closed","ping_status":"open","sticky":false,"template":"","format":"standard","meta":{"_lmt_disableupdate":"","_lmt_disable":"","_jetpack_memberships_contains_paid_content":false,"footnotes":""},"categories":[109,47],"tags":[421],"class_list":["post-16930","post","type-post","status-publish","format-standard","has-post-thumbnail","hentry","category-minuto-a-minuto","category-zona-gris","tag-aumentan-secuestros-en-oaxaca"],"jetpack_featured_media_url":"https:\/\/zonaroja.com.mx\/wp-content\/uploads\/2020\/01\/secuestrox.jpg","jetpack_sharing_enabled":true,"_links":{"self":[{"href":"https:\/\/zonaroja.com.mx\/index.php?rest_route=\/wp\/v2\/posts\/16930","targetHints":{"allow":["GET"]}}],"collection":[{"href":"https:\/\/zonaroja.com.mx\/index.php?rest_route=\/wp\/v2\/posts"}],"about":[{"href":"https:\/\/zonaroja.com.mx\/index.php?rest_route=\/wp\/v2\/types\/post"}],"author":[{"embeddable":true,"href":"https:\/\/zonaroja.com.mx\/index.php?rest_route=\/wp\/v2\/users\/2"}],"replies":[{"embeddable":true,"href":"https:\/\/zonaroja.com.mx\/index.php?rest_route=%2Fwp%2Fv2%2Fcomments&post=16930"}],"version-history":[{"count":1,"href":"https:\/\/zonaroja.com.mx\/index.php?rest_route=\/wp\/v2\/posts\/16930\/revisions"}],"predecessor-version":[{"id":16931,"href":"https:\/\/zonaroja.com.mx\/index.php?rest_route=\/wp\/v2\/posts\/16930\/revisions\/16931"}],"wp:featuredmedia":[{"embeddable":true,"href":"https:\/\/zonaroja.com.mx\/index.php?rest_route=\/wp\/v2\/media\/7503"}],"wp:attachment":[{"href":"https:\/\/zonaroja.com.mx\/index.php?rest_route=%2Fwp%2Fv2%2Fmedia&parent=16930"}],"wp:term":[{"taxonomy":"category","embeddable":true,"href":"https:\/\/zonaroja.com.mx\/index.php?rest_route=%2Fwp%2Fv2%2Fcategories&post=16930"},{"taxonomy":"post_tag","embeddable":true,"href":"https:\/\/zonaroja.com.mx\/index.php?rest_route=%2Fwp%2Fv2%2Ftags&post=16930"}],"curies":[{"name":"wp","href":"https:\/\/api.w.org\/{rel}","templated":true}]}}