{"id":1694,"date":"2019-06-19T07:56:33","date_gmt":"2019-06-19T12:56:33","guid":{"rendered":"http:\/\/www.zonaroja.com.mx\/?p=1694"},"modified":"2019-06-19T07:56:34","modified_gmt":"2019-06-19T12:56:34","slug":"divididos-y-confrontados-conmemoran-enfrentamiento-en-nochixtlan","status":"publish","type":"post","link":"https:\/\/zonaroja.com.mx\/?p=1694","title":{"rendered":"Divididos y confrontados conmemoran enfrentamiento en Nochixtl\u00e1n"},"content":{"rendered":"\n<p>Redacci\u00f3n<\/p>\n\n\n\n<p>Oaxaca de\nJu\u00e1rez, Oax., 19 de junio de 2019.- Entre confrontaci\u00f3n por parte de v\u00edctimas\ncon el Frente Popular Revolucionario (FPR), as\u00ed como divisiones, la Secci\u00f3n 22\ndel SNTE, organizaciones sociales y pobladores, conmemoran hoy tres a\u00f1os del\nenfrentamiento con polic\u00edas.<\/p>\n\n\n\n<p>El 19 de\njunio de 2016, durante el periodo de Gabino Cu\u00e9 Monteagudo, fuerzas federales y\nestatales intentaron desalojar el bloqueo en la supercarretera\nOaxaca-Cuacnopalan, a la altura de Asunci\u00f3n Nochixtl\u00e1n.<\/p>\n\n\n\n<p>Ello origin\u00f3\nun enfrentamiento con integrantes del magisterio, organizaciones sociales como\nel FPR, y pobladores, con saldo de ocho personas fallecidas y al menos 100\nlesionadas; el conflicto se extendi\u00f3 ese d\u00eda a San Pablo Huitzo, y los cruceros\nde Hacienda Blanca, San Pablo Etla, y Trinidad de Viguera, Oaxaca de Ju\u00e1rez.<\/p>\n\n\n\n<p>Este\nmi\u00e9rcoles, un grupo de v\u00edctimas de esos hechos realizar\u00e1 una concentraci\u00f3n en\nla Heroica Ciudad de Tlaxiaco, y otro en Nochixtl\u00e1n, este \u00faltimo encabezado por\nla Secci\u00f3n 22 del SNTE, que realizar\u00e1 una marcha y mitin.<\/p>\n\n\n\n<p>En tanto que\notro grupo de v\u00edctimas, acompa\u00f1ado por el Centro de Derechos Humanos y Asesor\u00eda\na Pueblos Ind\u00edgenas, har\u00e1 lo propio en Tlaxiaco.<\/p>\n\n\n\n<p>De este\n\u00faltimo caso, los afectados exigieron a la Fiscal\u00eda General de la Republica que\nse judicialice la carpeta de investigaci\u00f3n n\u00famero FED\/OAX\/OAX\/0000820\/2016, que\ncon fecha 18 de agosto del 2017, se present\u00f3 en ese entonces a la Procuradur\u00eda\nGeneral de Justicia de la Rep\u00fablica.<\/p>\n\n\n\n<p>En ese escrito\nse acusa directamente como autores intelectuales a Enrique Pe\u00f1a Nieto ex\nPresidente de M\u00e9xico; Miguel Osorio Chong, ex secretario de Gobernaci\u00f3n;\nEnrique Francisco Galindo Cevallos, ex comisionado General de la Polic\u00eda\nFederal, y otras autoridades, y como actores materiales a elementos de las\ncorporaciones policiacas, Polic\u00eda Federal, Polic\u00eda Estatal, de Oaxaca por los\ndelitos de: Genocidio, Homicidio, Tentativa de Homicidio, Abuso de Autoridad y\nLesiones.<\/p>\n\n\n\n<p>Informaron\nque existe tambi\u00e9n la presentaci\u00f3n del caso ante la Comisi\u00f3n Interamericana de\nDerechos Humanos por ejecuci\u00f3n extrajudicial de personas y que est\u00e1 pr\u00f3ximo a\nla admisibilidad del caso.<\/p>\n\n\n\n<p>Tres de las\npersonas asesinadas hace tres a\u00f1os y un grupo de lesionados por disparos de\narmas de fuego, decidi\u00f3 continuar esa ruta jur\u00eddica.<\/p>\n\n\n\n<p>Entre otras\nactividades, en Tlaxiaco efectuar\u00e1n un acto pol\u00edtico-social hoy en la explanada\nmunicipal de Tlaxiaco, para recordar la masacre efectuada en asunci\u00f3n Nochixtl\u00e1n,\nen el que perdieron la vida ocho personas, tres de ellas originarias y vecinas\nde Tlaxiaco, Ancelmo Cruz Aquino,&nbsp; Omar\nGonz\u00e1lez Santiago y Silvano Sosa Ch\u00e1vez.<\/p>\n\n\n\n<p>Las v\u00edctimas\nde esa ciudad, exigieron tambi\u00e9n se respete los derechos de las v\u00edctimas y denunciaron\nque el FPR ha hostigado y agredido a Juana Antonio L\u00f3pez, a quien pretenden\ndesalojar de su domicilio de la colonia 20 de Noviembre.<\/p>\n","protected":false},"excerpt":{"rendered":"<p>Redacci\u00f3n Oaxaca de Ju\u00e1rez, Oax., 19 de junio de 2019.- Entre confrontaci\u00f3n por parte de&hellip;<\/p>\n","protected":false},"author":2,"featured_media":1695,"comment_status":"closed","ping_status":"open","sticky":false,"template":"","format":"standard","meta":{"_lmt_disableupdate":"","_lmt_disable":"","_jetpack_memberships_contains_paid_content":false,"footnotes":""},"categories":[109,51],"tags":[],"class_list":["post-1694","post","type-post","status-publish","format-standard","has-post-thumbnail","hentry","category-minuto-a-minuto","category-zona-roja"],"jetpack_featured_media_url":"https:\/\/zonaroja.com.mx\/wp-content\/uploads\/2019\/06\/IMG_1319.jpg","jetpack_sharing_enabled":true,"_links":{"self":[{"href":"https:\/\/zonaroja.com.mx\/index.php?rest_route=\/wp\/v2\/posts\/1694","targetHints":{"allow":["GET"]}}],"collection":[{"href":"https:\/\/zonaroja.com.mx\/index.php?rest_route=\/wp\/v2\/posts"}],"about":[{"href":"https:\/\/zonaroja.com.mx\/index.php?rest_route=\/wp\/v2\/types\/post"}],"author":[{"embeddable":true,"href":"https:\/\/zonaroja.com.mx\/index.php?rest_route=\/wp\/v2\/users\/2"}],"replies":[{"embeddable":true,"href":"https:\/\/zonaroja.com.mx\/index.php?rest_route=%2Fwp%2Fv2%2Fcomments&post=1694"}],"version-history":[{"count":1,"href":"https:\/\/zonaroja.com.mx\/index.php?rest_route=\/wp\/v2\/posts\/1694\/revisions"}],"predecessor-version":[{"id":1696,"href":"https:\/\/zonaroja.com.mx\/index.php?rest_route=\/wp\/v2\/posts\/1694\/revisions\/1696"}],"wp:featuredmedia":[{"embeddable":true,"href":"https:\/\/zonaroja.com.mx\/index.php?rest_route=\/wp\/v2\/media\/1695"}],"wp:attachment":[{"href":"https:\/\/zonaroja.com.mx\/index.php?rest_route=%2Fwp%2Fv2%2Fmedia&parent=1694"}],"wp:term":[{"taxonomy":"category","embeddable":true,"href":"https:\/\/zonaroja.com.mx\/index.php?rest_route=%2Fwp%2Fv2%2Fcategories&post=1694"},{"taxonomy":"post_tag","embeddable":true,"href":"https:\/\/zonaroja.com.mx\/index.php?rest_route=%2Fwp%2Fv2%2Ftags&post=1694"}],"curies":[{"name":"wp","href":"https:\/\/api.w.org\/{rel}","templated":true}]}}