{"id":16947,"date":"2020-08-29T17:55:07","date_gmt":"2020-08-29T22:55:07","guid":{"rendered":"https:\/\/www.zonaroja.com.mx\/?p=16947"},"modified":"2020-08-29T17:55:11","modified_gmt":"2020-08-29T22:55:11","slug":"por-favor-tenga-corazon-y-haga-justicia-exigen-a-fiscal-padres-de-estudiante-asesinado","status":"publish","type":"post","link":"https:\/\/zonaroja.com.mx\/?p=16947","title":{"rendered":"\u201cPor favor, tenga coraz\u00f3n y haga justicia\u201d, exigen a fiscal padres de estudiante asesinado"},"content":{"rendered":"\n<p class=\"MsoNormal\">Yuridiana Sosa\/Zona Roja.<\/p>\n\n\n\n<p class=\"MsoNormal\">Oaxaca de Ju\u00e1rez, 29 de agosto de 2020.- Padres de Jorge Antonio Fuentes Flores, asesinado para robarle su taxi en la Villa de Zaachila, exigieron al fiscal General de Oaxaca, Rub\u00e9n Vasconcelos, investigaci\u00f3n y justicia para el crimen contra el joven de 19 a\u00f1os de edad.<\/p>\n\n\n\n<p class=\"MsoNormal\">Jorge Antonio era estudiante de la Facultad de Odontolog\u00eda en la Universidad Regional del Suerte en la capital del estado, pero trabajaba como taxista para solventar sus estudios profesionales y ayudar a sus padres.<\/p>\n\n\n\n<p class=\"MsoNormal\">El pasado 22 de agosto mientras ofrec\u00eda un servicio, el joven fue baleado por unos supuestos pasajeros, quienes se llevaron la unidad perteneciente al sitio \u201cCampo Real\u201d de Zaachila, con n\u00famero econ\u00f3mico 20-032.<\/p>\n\n\n\n<p class=\"MsoNormal\">El cuerpo de Jos\u00e9 Antonio fue localizado a un costado de la carretera federal 175, jurisdicci\u00f3n de la agencia de Vicente Guerrero de ese municipio, mientras que el veh\u00edculo se encontr\u00f3 horas despu\u00e9s en San Bartolo Coyotepec.<\/p>\n\n\n\n<p class=\"MsoNormal\">\u201cNo permita se\u00f1or fiscal que este crimen quede sin castigo, p\u00f3ngase en nuestro lugar como padres y amigos de la v\u00edctima, usted tambi\u00e9n pedir\u00eda justicia si hubiera matado a su hijo o a su amigo\u201d, suplican los dolientes a Vasconcelos M\u00e9ndez en un comunicado.<\/p>\n\n\n\n<p class=\"MsoNormal\">Primero, los padres demandan atenci\u00f3n para que tomen en cuenta el crimen, as\u00ed como exigen un avance significativo que ayuden con la detenci\u00f3n de los culpables que \u201cquebrantaron con los sue\u00f1os\u201d del muchacho de 19 a\u00f1os.<\/p>\n\n\n\n<p class=\"MsoNormal\">Los padres rematan la exigencia pidi\u00e9ndole al Fiscal que \u201cpor favor, tenga coraz\u00f3n y haga justicia\u201d.<\/p>\n\n\n\n<p class=\"MsoNormal\">Los cr\u00edmenes contra los j\u00f3venes oaxaque\u00f1os se han registrado de forma frecuente en los \u00faltimos dos meses.<\/p>\n\n\n\n<p class=\"MsoNormal\">Entre los casos que indignaron a la poblaci\u00f3n se registr\u00f3 el del artemarcialista Rodrigo Abed Mancha Sigala, de 17 a\u00f1os de edad, el pasado 16 de agosto en el infonavit <a href=\"\/\/3\">1 de Mayo<\/a>, en la capital del estado. <\/p>\n\n\n\n<p class=\"MsoNormal\">Mientras que el 9 de junio fue acribillado Alexander Mart\u00ednez por elementos de la Polic\u00eda Municipal de Acatl\u00e1n de P\u00e9rez Figueroa, en la Cuenca; era un adolescente futbolista de 16 a\u00f1os de edad.<\/p>\n","protected":false},"excerpt":{"rendered":"<p>Yuridiana Sosa\/Zona Roja. Oaxaca de Ju\u00e1rez, 29 de agosto de 2020.- Padres de Jorge Antonio&hellip;<\/p>\n","protected":false},"author":2,"featured_media":16946,"comment_status":"closed","ping_status":"open","sticky":false,"template":"","format":"standard","meta":{"_lmt_disableupdate":"","_lmt_disable":"","_jetpack_memberships_contains_paid_content":false,"footnotes":""},"categories":[109,47],"tags":[494],"class_list":["post-16947","post","type-post","status-publish","format-standard","has-post-thumbnail","hentry","category-minuto-a-minuto","category-zona-gris","tag-fiscalia-general-del-estado-de-oaxaca"],"jetpack_featured_media_url":"https:\/\/zonaroja.com.mx\/wp-content\/uploads\/2020\/08\/16f8e351-d68c-49b5-b373-8a5e0cf27eb3.jpg","jetpack_sharing_enabled":true,"_links":{"self":[{"href":"https:\/\/zonaroja.com.mx\/index.php?rest_route=\/wp\/v2\/posts\/16947","targetHints":{"allow":["GET"]}}],"collection":[{"href":"https:\/\/zonaroja.com.mx\/index.php?rest_route=\/wp\/v2\/posts"}],"about":[{"href":"https:\/\/zonaroja.com.mx\/index.php?rest_route=\/wp\/v2\/types\/post"}],"author":[{"embeddable":true,"href":"https:\/\/zonaroja.com.mx\/index.php?rest_route=\/wp\/v2\/users\/2"}],"replies":[{"embeddable":true,"href":"https:\/\/zonaroja.com.mx\/index.php?rest_route=%2Fwp%2Fv2%2Fcomments&post=16947"}],"version-history":[{"count":1,"href":"https:\/\/zonaroja.com.mx\/index.php?rest_route=\/wp\/v2\/posts\/16947\/revisions"}],"predecessor-version":[{"id":16948,"href":"https:\/\/zonaroja.com.mx\/index.php?rest_route=\/wp\/v2\/posts\/16947\/revisions\/16948"}],"wp:featuredmedia":[{"embeddable":true,"href":"https:\/\/zonaroja.com.mx\/index.php?rest_route=\/wp\/v2\/media\/16946"}],"wp:attachment":[{"href":"https:\/\/zonaroja.com.mx\/index.php?rest_route=%2Fwp%2Fv2%2Fmedia&parent=16947"}],"wp:term":[{"taxonomy":"category","embeddable":true,"href":"https:\/\/zonaroja.com.mx\/index.php?rest_route=%2Fwp%2Fv2%2Fcategories&post=16947"},{"taxonomy":"post_tag","embeddable":true,"href":"https:\/\/zonaroja.com.mx\/index.php?rest_route=%2Fwp%2Fv2%2Ftags&post=16947"}],"curies":[{"name":"wp","href":"https:\/\/api.w.org\/{rel}","templated":true}]}}