{"id":16953,"date":"2020-08-29T20:01:06","date_gmt":"2020-08-30T01:01:06","guid":{"rendered":"https:\/\/www.zonaroja.com.mx\/?p=16953"},"modified":"2020-08-30T21:39:55","modified_gmt":"2020-08-31T02:39:55","slug":"exigen-justicia-por-alma-de-matias-romero-presumen-que-fue-feminicidio","status":"publish","type":"post","link":"https:\/\/zonaroja.com.mx\/?p=16953","title":{"rendered":"Exigen justicia por Alma, de Mat\u00edas Romero; presumen que fue feminicidio"},"content":{"rendered":"\n<p class=\"MsoNormal\">Yuridiana Sosa\/Zona Roja.<\/p>\n\n\n\n<p class=\"MsoNormal\">Oaxaca de Ju\u00e1rez, Oax., 29 de agosto de 2020.- Defensoras de los derechos de las mujeres y activistas exigen a la Fiscal\u00eda General de Oaxaca el esclarecimiento de la muerte de Alma Lilia, localizada sin vida en una preparatoria de Mat\u00edas Romero, pues aseguran que fue feminicidio y no suicidio.<\/p>\n\n\n\n<p class=\"MsoNormal\">Alma Lilia J. de L. se desempe\u00f1aba como prefecta de la Escuela Preparatoria por Cooperaci\u00f3n \u201cJusto Sierra\u201d en Mat\u00edas Romero, en la regi\u00f3n del Istmo, pero fue localizada sin vida el pasado jueves.<\/p>\n\n\n\n<p class=\"MsoNormal\">Luego de una llamada an\u00f3nima al 911 la tarde del 27 de agosto, sobre un cuerpo sin vida al interior del plantel, elementos policiacos encontraron a la joven mujer pendiendo de una soga alrededor del cuello, en el patio del instituto.<\/p>\n\n\n\n<p class=\"MsoNormal\">La madrugada de este s\u00e1bado se registr\u00f3 la instalaci\u00f3n de una manta en el acceso de la escuela en la que exigen justicia por Alma.<\/p>\n\n\n\n<p class=\"MsoNormal\">\u201cJusticia para Alma, no fue suicidio fue feminicidio, que no quede impune\u201d, dice el mensaje.<\/p>\n\n\n\n<p class=\"MsoNormal\">Consorcio Parlamentario para el Di\u00e1logo y Equidad Oaxaca tiene contabilizados otros cinco feminicidios en lo que va del mes de agosto, registrados en las distintas regiones de la entidad.<\/p>\n","protected":false},"excerpt":{"rendered":"<p>Yuridiana Sosa\/Zona Roja. Oaxaca de Ju\u00e1rez, Oax., 29 de agosto de 2020.- Defensoras de los&hellip;<\/p>\n","protected":false},"author":2,"featured_media":16952,"comment_status":"closed","ping_status":"open","sticky":false,"template":"","format":"standard","meta":{"_lmt_disableupdate":"","_lmt_disable":"","_jetpack_memberships_contains_paid_content":false,"footnotes":""},"categories":[109,51],"tags":[228],"class_list":["post-16953","post","type-post","status-publish","format-standard","has-post-thumbnail","hentry","category-minuto-a-minuto","category-zona-roja","tag-matias-romero-avendano"],"jetpack_featured_media_url":"https:\/\/zonaroja.com.mx\/wp-content\/uploads\/2020\/08\/b861b2f1-14c2-46c4-85c8-a196df8c352b.jpg","jetpack_sharing_enabled":true,"_links":{"self":[{"href":"https:\/\/zonaroja.com.mx\/index.php?rest_route=\/wp\/v2\/posts\/16953","targetHints":{"allow":["GET"]}}],"collection":[{"href":"https:\/\/zonaroja.com.mx\/index.php?rest_route=\/wp\/v2\/posts"}],"about":[{"href":"https:\/\/zonaroja.com.mx\/index.php?rest_route=\/wp\/v2\/types\/post"}],"author":[{"embeddable":true,"href":"https:\/\/zonaroja.com.mx\/index.php?rest_route=\/wp\/v2\/users\/2"}],"replies":[{"embeddable":true,"href":"https:\/\/zonaroja.com.mx\/index.php?rest_route=%2Fwp%2Fv2%2Fcomments&post=16953"}],"version-history":[{"count":1,"href":"https:\/\/zonaroja.com.mx\/index.php?rest_route=\/wp\/v2\/posts\/16953\/revisions"}],"predecessor-version":[{"id":16954,"href":"https:\/\/zonaroja.com.mx\/index.php?rest_route=\/wp\/v2\/posts\/16953\/revisions\/16954"}],"wp:featuredmedia":[{"embeddable":true,"href":"https:\/\/zonaroja.com.mx\/index.php?rest_route=\/wp\/v2\/media\/16952"}],"wp:attachment":[{"href":"https:\/\/zonaroja.com.mx\/index.php?rest_route=%2Fwp%2Fv2%2Fmedia&parent=16953"}],"wp:term":[{"taxonomy":"category","embeddable":true,"href":"https:\/\/zonaroja.com.mx\/index.php?rest_route=%2Fwp%2Fv2%2Fcategories&post=16953"},{"taxonomy":"post_tag","embeddable":true,"href":"https:\/\/zonaroja.com.mx\/index.php?rest_route=%2Fwp%2Fv2%2Ftags&post=16953"}],"curies":[{"name":"wp","href":"https:\/\/api.w.org\/{rel}","templated":true}]}}