{"id":16956,"date":"2020-08-29T21:36:26","date_gmt":"2020-08-30T02:36:26","guid":{"rendered":"https:\/\/www.zonaroja.com.mx\/?p=16956"},"modified":"2020-08-29T21:36:30","modified_gmt":"2020-08-30T02:36:30","slug":"registra-oaxaca-este-sabado-173-casos-positivos-a-covid-19-y-nueve-fallecimientos","status":"publish","type":"post","link":"https:\/\/zonaroja.com.mx\/?p=16956","title":{"rendered":"Registra Oaxaca este s\u00e1bado 173 casos positivos a Covid-19 y nueve fallecimientos"},"content":{"rendered":"\n<p class=\"s6\">Redacci\u00f3n\/Zona Roja.&nbsp;<\/p>\n\n\n\n<p class=\"s10\">Oaxaca de Ju\u00e1rez, Oax. 29 de agosto de 2020.- La dependencia Servicios de Salud de Oaxaca (SSO) inform\u00f3 que este s\u00e1bado 29 de agosto se registraron 173 casos nuevos a Covid-19, que suman 13 mil 574 acumulados en toda la entidad.<\/p>\n\n\n\n<p class=\"s10\">Sostuvo que se han notificado 20 mil 119 casos, de los cuales cinco mil 865 han sido negativos, hay 680 casos sospechosos en espera de&nbsp;resultados por laboratorio y 11 mil 801 se han recuperado.&nbsp;<\/p>\n\n\n\n<p class=\"s10\">Adem\u00e1s, este s\u00e1bado se registraron nueve decesos, que suman mil 270 defunciones.<\/p>\n\n\n\n<p class=\"s10\">Agreg\u00f3 que la Jurisdicci\u00f3n Sanitaria n\u00famero uno Valles Centrales reporta ocho mil 938 casos confirmados y 603 defunciones, Tuxtepec mil 601 y 234 defunciones, Istmo mil 396 y 251 defunciones, Mixteca 822 y 80 defunciones, Costa 586 y 64 defunciones y la Sierra 231 y 38 defunciones.<\/p>\n\n\n\n<p class=\"s10\">Expuso&nbsp;que los 173 casos nuevos se distribuyen en 43 municipios, siendo los que mayor&nbsp;casos presentan:&nbsp;Oaxaca de Ju\u00e1rez con 64, Santa Cruz Xoxocotl\u00e1n 15, Barrio de la Soledad 14, Salina Cruz y Santa Cruz Amilpas seis cada uno, Santa Mar\u00eda&nbsp;Atzompa&nbsp;y&nbsp;Cuilapam&nbsp;de Guerrero cinco cada uno, el resto cuatro tres, dos y uno.<\/p>\n\n\n\n<p class=\"s10\">Detall\u00f3 que hay 503 casos activos, de los cuales la Jurisdicci\u00f3n Sanitaria n\u00famero uno Valles Centrales registra 380, predominando en los municipios de Oaxaca de Ju\u00e1rez&nbsp;con&nbsp;163, Santa Cruz&nbsp;Xoxocotl\u00e1n&nbsp;con&nbsp;35, Santa Lucia del Camino&nbsp;con 25; as\u00ed como&nbsp;el Istmo&nbsp;que registra&nbsp;21,&nbsp;predominando en&nbsp;Salina Cruz&nbsp;con&nbsp;12 y&nbsp;Juchit\u00e1n de Zaragoza con cuatro;&nbsp;en Tuxtepec cinco casos activos&nbsp;predominantemente en&nbsp;San&nbsp;Juan Bautista Tuxtepec con tres.<\/p>\n\n\n\n<p class=\"s10\">En la Costa 25 activos&nbsp;con el mayor n\u00famero de casos en municipios de&nbsp;Santa Mar\u00eda Huatulco&nbsp;con&nbsp;nueve, San Pedro&nbsp;Mixtepec&nbsp;con&nbsp;cinco y San Pedro Pochutla&nbsp;con cuatro,&nbsp;en la&nbsp;Mixteca&nbsp;se registran&nbsp;58 activos,&nbsp;con el mayor n\u00famero de casos activos en&nbsp;Huajuapan de Le\u00f3n con 43 y Asunci\u00f3n&nbsp;Nochixtl\u00e1ncon cuatro;&nbsp;y en la&nbsp;Sierra 14 casos activos&nbsp;principalmente enTlacolula&nbsp;de Matamoros&nbsp;con siete&nbsp;y San Pablo&nbsp;Villa de Mitla con tres activos.<\/p>\n\n\n\n<p class=\"s10\">Dijo que&nbsp;la&nbsp;ocupaci\u00f3n hospitalaria global es del 40.8%;&nbsp;de los cuales el 46.6%&nbsp;de pacientes&nbsp;son&nbsp;atendidos sin ventilador y el 29.1%&nbsp;con ventilador.<\/p>\n\n\n\n<p class=\"s10\">&nbsp;Detall\u00f3 que las recomendaciones en caso de presentar alg\u00fan s\u00edntoma como fiebre, tos seca, dolor de garganta, cansancio, dolor de cabeza, p\u00e9rdida de olfato, gusto o diarrea,&nbsp;es&nbsp;comunicarse&nbsp;a los n\u00fameros telef\u00f3nicos: 800 770 8437, 951 516 8242, 951 516 1220 y 951 297 5741, donde habr\u00e1 personal m\u00e9dico que dar\u00e1 seguimiento a los casos.<\/p>\n\n\n\n<p class=\"s10\">Finalmente reiter\u00f3 que es importante desechar de manera adecuada el cubrebocas, para ello hay que lavarse las manos antes de retirarlo, sujetar las cintas el\u00e1sticas por detr\u00e1s de las orejas evitando tocar el frente, asegurarse de romper o cortar las ligas antes de tirarlo, desecharlo dentro de una bolsa amigable con el medio ambiente, y hay que lavar o desinfectar las tijeras y lavarse nuevamente las manos.<\/p>\n","protected":false},"excerpt":{"rendered":"<p>Redacci\u00f3n\/Zona Roja.&nbsp; Oaxaca de Ju\u00e1rez, Oax. 29 de agosto de 2020.- La dependencia Servicios de&hellip;<\/p>\n","protected":false},"author":2,"featured_media":16955,"comment_status":"closed","ping_status":"open","sticky":false,"template":"","format":"standard","meta":{"_lmt_disableupdate":"","_lmt_disable":"","_jetpack_memberships_contains_paid_content":false,"footnotes":""},"categories":[109,47],"tags":[1512],"class_list":["post-16956","post","type-post","status-publish","format-standard","has-post-thumbnail","hentry","category-minuto-a-minuto","category-zona-gris","tag-coronavirus-oaxaca"],"jetpack_featured_media_url":"https:\/\/zonaroja.com.mx\/wp-content\/uploads\/2020\/08\/img_5053.jpg","jetpack_sharing_enabled":true,"_links":{"self":[{"href":"https:\/\/zonaroja.com.mx\/index.php?rest_route=\/wp\/v2\/posts\/16956","targetHints":{"allow":["GET"]}}],"collection":[{"href":"https:\/\/zonaroja.com.mx\/index.php?rest_route=\/wp\/v2\/posts"}],"about":[{"href":"https:\/\/zonaroja.com.mx\/index.php?rest_route=\/wp\/v2\/types\/post"}],"author":[{"embeddable":true,"href":"https:\/\/zonaroja.com.mx\/index.php?rest_route=\/wp\/v2\/users\/2"}],"replies":[{"embeddable":true,"href":"https:\/\/zonaroja.com.mx\/index.php?rest_route=%2Fwp%2Fv2%2Fcomments&post=16956"}],"version-history":[{"count":1,"href":"https:\/\/zonaroja.com.mx\/index.php?rest_route=\/wp\/v2\/posts\/16956\/revisions"}],"predecessor-version":[{"id":16957,"href":"https:\/\/zonaroja.com.mx\/index.php?rest_route=\/wp\/v2\/posts\/16956\/revisions\/16957"}],"wp:featuredmedia":[{"embeddable":true,"href":"https:\/\/zonaroja.com.mx\/index.php?rest_route=\/wp\/v2\/media\/16955"}],"wp:attachment":[{"href":"https:\/\/zonaroja.com.mx\/index.php?rest_route=%2Fwp%2Fv2%2Fmedia&parent=16956"}],"wp:term":[{"taxonomy":"category","embeddable":true,"href":"https:\/\/zonaroja.com.mx\/index.php?rest_route=%2Fwp%2Fv2%2Fcategories&post=16956"},{"taxonomy":"post_tag","embeddable":true,"href":"https:\/\/zonaroja.com.mx\/index.php?rest_route=%2Fwp%2Fv2%2Ftags&post=16956"}],"curies":[{"name":"wp","href":"https:\/\/api.w.org\/{rel}","templated":true}]}}