{"id":16960,"date":"2020-08-30T07:21:06","date_gmt":"2020-08-30T12:21:06","guid":{"rendered":"http:\/\/www.zonaroja.com.mx\/?p=16960"},"modified":"2020-08-30T07:21:09","modified_gmt":"2020-08-30T12:21:09","slug":"refuerzan-vinculos-de-colaboracion-abogados-y-poder-judicial-de-oaxaca","status":"publish","type":"post","link":"https:\/\/zonaroja.com.mx\/?p=16960","title":{"rendered":"Refuerzan v\u00ednculos de colaboraci\u00f3n abogados y Poder Judicial de Oaxaca"},"content":{"rendered":"\n<p>Redacci\u00f3n\/Zona Roja.<\/p>\n\n\n\n<p>Oaxaca de Ju\u00e1rez, Oax., 30 de agosto de 2020.- Con el objetivo de fortalecer la justicia con un amplio sentido humano y privilegiar el di\u00e1logo para transformar el servicio p\u00fablico, la Presidencia del Tribunal Superior de Justicia y del Consejo de la Judicatura, realiz\u00f3, en el primer semestre del a\u00f1o, 389 audiencias con barras y colegios de abogados y abogadas, organizaciones civiles y sociales, representantes del sector acad\u00e9mico, gubernamental, organismos y agrupaciones internacionales.<\/p>\n\n\n\n<p>En su apertura y disposici\u00f3n de establecer v\u00ednculos de colaboraci\u00f3n e intercambiar puntos de vista y experiencias para implementar las acciones necesarias que permitan fortalecer el acceso a la justicia, agilizar los procesos y el servicio a la ciudadan\u00eda, el titular del Poder Judicial, magistrado Eduardo Pinacho S\u00e1nchez, ha intercambiado puntos de vista y opiniones con diferentes agrupaciones.<\/p>\n\n\n\n<p>Los profesionistas han externado al titular del Poder Judicial su reconocimiento y felicitaci\u00f3n tanto por la trayectoria que le distingue como abogado y docente, al igual que por su elecci\u00f3n como presidente del Tribunal Superior de Justicia, adem\u00e1s de expresarle su disposici\u00f3n de colaborar en acciones que permitan fortalecer la atenci\u00f3n a la ciudadan\u00eda.<\/p>\n\n\n\n<p>En las reuniones el magistrado presidente ha compartido parte de las acciones que para la mejora continua de los procesos jurisdiccionales se pusieron en marcha como el Justiciatel, un servicio de atenci\u00f3n y orientaci\u00f3n al p\u00fablico y a los abogados, a trav\u00e9s de un n\u00famero telef\u00f3nico gratuito para quejas, inconformidades y atenci\u00f3n directa.<\/p>\n\n\n\n<p>Este Centro de Respuesta Inmediata con el n\u00famero telef\u00f3nico 800 719 22 32, ha sido un apoyo fundamental para la sociedad en la contingencia sanitaria por COVID-19, ya que tiene la encomienda de dar especial atenci\u00f3n en casos relacionados con la protecci\u00f3n de ni\u00f1as, ni\u00f1os, adolescentes y mujeres v\u00edctimas de violencia.<\/p>\n","protected":false},"excerpt":{"rendered":"<p>Redacci\u00f3n\/Zona Roja. Oaxaca de Ju\u00e1rez, Oax., 30 de agosto de 2020.- Con el objetivo de&hellip;<\/p>\n","protected":false},"author":2,"featured_media":16961,"comment_status":"closed","ping_status":"open","sticky":false,"template":"","format":"standard","meta":{"_lmt_disableupdate":"","_lmt_disable":"","_jetpack_memberships_contains_paid_content":false,"footnotes":""},"categories":[109,46],"tags":[223],"class_list":["post-16960","post","type-post","status-publish","format-standard","has-post-thumbnail","hentry","category-minuto-a-minuto","category-zona-blanca","tag-poder-judicial-de-oaxaca"],"jetpack_featured_media_url":"https:\/\/zonaroja.com.mx\/wp-content\/uploads\/2020\/08\/ilustre-colegio-abogados-mexicanos-de-juicio-oral.jpg","jetpack_sharing_enabled":true,"_links":{"self":[{"href":"https:\/\/zonaroja.com.mx\/index.php?rest_route=\/wp\/v2\/posts\/16960","targetHints":{"allow":["GET"]}}],"collection":[{"href":"https:\/\/zonaroja.com.mx\/index.php?rest_route=\/wp\/v2\/posts"}],"about":[{"href":"https:\/\/zonaroja.com.mx\/index.php?rest_route=\/wp\/v2\/types\/post"}],"author":[{"embeddable":true,"href":"https:\/\/zonaroja.com.mx\/index.php?rest_route=\/wp\/v2\/users\/2"}],"replies":[{"embeddable":true,"href":"https:\/\/zonaroja.com.mx\/index.php?rest_route=%2Fwp%2Fv2%2Fcomments&post=16960"}],"version-history":[{"count":1,"href":"https:\/\/zonaroja.com.mx\/index.php?rest_route=\/wp\/v2\/posts\/16960\/revisions"}],"predecessor-version":[{"id":16962,"href":"https:\/\/zonaroja.com.mx\/index.php?rest_route=\/wp\/v2\/posts\/16960\/revisions\/16962"}],"wp:featuredmedia":[{"embeddable":true,"href":"https:\/\/zonaroja.com.mx\/index.php?rest_route=\/wp\/v2\/media\/16961"}],"wp:attachment":[{"href":"https:\/\/zonaroja.com.mx\/index.php?rest_route=%2Fwp%2Fv2%2Fmedia&parent=16960"}],"wp:term":[{"taxonomy":"category","embeddable":true,"href":"https:\/\/zonaroja.com.mx\/index.php?rest_route=%2Fwp%2Fv2%2Fcategories&post=16960"},{"taxonomy":"post_tag","embeddable":true,"href":"https:\/\/zonaroja.com.mx\/index.php?rest_route=%2Fwp%2Fv2%2Ftags&post=16960"}],"curies":[{"name":"wp","href":"https:\/\/api.w.org\/{rel}","templated":true}]}}