{"id":16963,"date":"2020-08-30T07:28:48","date_gmt":"2020-08-30T12:28:48","guid":{"rendered":"http:\/\/www.zonaroja.com.mx\/?p=16963"},"modified":"2020-08-30T07:28:53","modified_gmt":"2020-08-30T12:28:53","slug":"piden-legisladores-al-dif-oaxaca-cuentas-sobre-200-mil-despensas","status":"publish","type":"post","link":"https:\/\/zonaroja.com.mx\/?p=16963","title":{"rendered":"Piden legisladores al DIF Oaxaca cuentas sobre 200 mil despensas"},"content":{"rendered":"\n<p>Evlin Arag\u00f3n\/Zona Roja.<\/p>\n\n\n\n<p>Oaxaca de Ju\u00e1rez, Oax., 30 de agosto de 2020.- El pleno de la 64 Legislatura aprob\u00f3 un punto de acuerdo para exhortar al director del Sistema Estatal para el Desarrollo Integral de la Familia (DIF), Christian Holm, rendir cuentas acerca del destino de 200 mil despensas, que se han repartido de manera discrecional bajo el argumento de la pandemia.<\/p>\n\n\n\n<p>La iniciativa de la Comisi\u00f3n Permanente de Bienestar y Fomento Cooperativo, aprobada en la sesi\u00f3n del pasado mi\u00e9rcoles, se pide tambi\u00e9n al titular del Poder Ejecutivo haga p\u00fablicos los recursos destinados para la adquisici\u00f3n de dichos apoyos, cuya distribuci\u00f3n advirti\u00f3 el Congreso local, debe hacerse de forma transparente y honesta por lo que debe publicarse el padr\u00f3n de beneficiarios y el calendario de la ministraci\u00f3n.<\/p>\n\n\n\n<p>\u201c\u2026que se realice de manera transparente y honesta la entrega de las despensas que se\u00f1al\u00f3 en plan de recuperaci\u00f3n en coadyuvancia con las y los titulares del DIF municipal; atendiendo el principio de la m\u00e1xima publicidad y rendici\u00f3n de cuenta, publique el padr\u00f3n de beneficiarios y el calendario de la ministraci\u00f3n por regi\u00f3n y cantidad\u201d, manifiesta la iniciativa aprobada.&nbsp;<\/p>\n\n\n\n<p>Lo anterior luego de las incontables quejas en torno a los apoyos y despensas entregadas por la dependencia con motivo de la pandemia, las cuales incluyen pasta para sopa, dos latas de at\u00fan, un litro de aceite, un kilo de arroz, frijol, avena, adem\u00e1s de harina y leche en polvo.&nbsp;<\/p>\n\n\n\n<p>Y no tanto por el contenido sino porque presuntamente fueron entregadas a organizaciones sociales que las repartieron a discreci\u00f3n, sin tomar en cuenta la verdadera necesidad de las personas que han perdido su empleo por la contingencia sanitaria o se encuentran pasando complicaciones econ\u00f3micas serias.&nbsp;<\/p>\n\n\n\n<p>Por ello, el Poder Legislativo pidi\u00f3 cuentas al DIF Estatal en torno a los apoyos brindados en medio de una contingencia que contin\u00faa en la entidad.\u00a0<\/p>\n\n\n\n<figure class=\"wp-block-image size-large\"><img decoding=\"async\" width=\"789\" height=\"605\" src=\"http:\/\/www.zonaroja.com.mx\/wp-content\/uploads\/2020\/08\/Despensas-DIF-1.jpg\" alt=\"\" class=\"wp-image-16964\" srcset=\"https:\/\/zonaroja.com.mx\/wp-content\/uploads\/2020\/08\/Despensas-DIF-1.jpg 789w, https:\/\/zonaroja.com.mx\/wp-content\/uploads\/2020\/08\/Despensas-DIF-1-300x230.jpg 300w, https:\/\/zonaroja.com.mx\/wp-content\/uploads\/2020\/08\/Despensas-DIF-1-768x589.jpg 768w, https:\/\/zonaroja.com.mx\/wp-content\/uploads\/2020\/08\/Despensas-DIF-1-585x449.jpg 585w\" sizes=\"(max-width: 789px) 100vw, 789px\" \/><\/figure>\n\n\n\n<p>TAMBI\u00c9N PROTECCI\u00d3N<\/p>\n\n\n\n<p>Por otra parte, las ni\u00f1as, ni\u00f1os y adolescentes en situaci\u00f3n de calle han enfrentado una doble vulnerabilidad derivado de la pandemia por Covid-19, raz\u00f3n por la que el Congreso de Oaxaca exhort\u00f3 a las autoridades del gobierno estatal para que otorguen protecci\u00f3n integral de este importante sector poblacional, salvaguardando su integridad f\u00edsica y salud ante la emergencia sanitaria.<\/p>\n\n\n\n<p>De forma espec\u00edfica hicieron el llamado al Sistema DIF Estatal, a cargo de Christian Holm Rodr\u00edguez, para que implemente de manera inmediata las recomendaciones emitidas por el Sistema Nacional para el Desarrollo Integral de la Familia dentro de los Centros de Atenci\u00f3n Infantil que existen en la entidad.&nbsp;<\/p>\n\n\n\n<p>El llamado tambi\u00e9n incluye al titular del Poder Ejecutivo, Alejandro Murat Hinojosa;&nbsp; a la titular de la Procuradur\u00eda Estatal de Protecci\u00f3n de los Derechos de Ni\u00f1as, Ni\u00f1os y Adolescentes del Estado de Oaxaca (Prodennao), Mar\u00eda Cristina Susana P\u00e9rez Guerrero Zamora; y a la titular de la Secretar\u00eda Ejecutiva del Sistema Local de Protecci\u00f3n Integral de los Derechos de Ni\u00f1as, Ni\u00f1os y Adolescentes (SESIPINNA), Mar\u00eda del Rosario Villalobos Rueda, quienes est\u00e1n a cargo de la pol\u00edtica p\u00fablica a favor de la ni\u00f1ez y juventud.&nbsp;<\/p>\n\n\n\n<p>\u201cEs responsabilidad de la direcci\u00f3n general del DIF Estatal implementar de manera inmediata las recomendaciones para los centros de atenci\u00f3n infantil ante la enfermedad COVID-19, que emiti\u00f3 el Sistema Nacional para el Desarrollo Integral de la Familia, a trav\u00e9s de la Unidad de Atenci\u00f3n a Poblaci\u00f3n Vulnerable, conjuntamente con la Direcci\u00f3n General de Coordinaci\u00f3n y Pol\u00edticas para la Primera Infancia, Familias y Poblaci\u00f3n en Situaci\u00f3n de Vulnerabilidad\u201d, refiere el exhorto.&nbsp;<\/p>\n\n\n\n<p>El punto de acuerdo fue presentado por la diputada Leticia Collado Soto y Ericel G\u00f3mez Nucamendi, ambos del Partido Movimiento de Regeneraci\u00f3n Nacional (Morena).<\/p>\n","protected":false},"excerpt":{"rendered":"<p>Evlin Arag\u00f3n\/Zona Roja. Oaxaca de Ju\u00e1rez, Oax., 30 de agosto de 2020.- El pleno de&hellip;<\/p>\n","protected":false},"author":2,"featured_media":16965,"comment_status":"closed","ping_status":"open","sticky":false,"template":"","format":"standard","meta":{"_lmt_disableupdate":"","_lmt_disable":"","_jetpack_memberships_contains_paid_content":false,"footnotes":""},"categories":[109,47],"tags":[1970],"class_list":["post-16963","post","type-post","status-publish","format-standard","has-post-thumbnail","hentry","category-minuto-a-minuto","category-zona-gris","tag-sistema-estatal-para-el-desarrollo-integral-de-la-familia-dif"],"jetpack_featured_media_url":"https:\/\/zonaroja.com.mx\/wp-content\/uploads\/2020\/08\/Despensas-DIF-2.jpg","jetpack_sharing_enabled":true,"_links":{"self":[{"href":"https:\/\/zonaroja.com.mx\/index.php?rest_route=\/wp\/v2\/posts\/16963","targetHints":{"allow":["GET"]}}],"collection":[{"href":"https:\/\/zonaroja.com.mx\/index.php?rest_route=\/wp\/v2\/posts"}],"about":[{"href":"https:\/\/zonaroja.com.mx\/index.php?rest_route=\/wp\/v2\/types\/post"}],"author":[{"embeddable":true,"href":"https:\/\/zonaroja.com.mx\/index.php?rest_route=\/wp\/v2\/users\/2"}],"replies":[{"embeddable":true,"href":"https:\/\/zonaroja.com.mx\/index.php?rest_route=%2Fwp%2Fv2%2Fcomments&post=16963"}],"version-history":[{"count":1,"href":"https:\/\/zonaroja.com.mx\/index.php?rest_route=\/wp\/v2\/posts\/16963\/revisions"}],"predecessor-version":[{"id":16966,"href":"https:\/\/zonaroja.com.mx\/index.php?rest_route=\/wp\/v2\/posts\/16963\/revisions\/16966"}],"wp:featuredmedia":[{"embeddable":true,"href":"https:\/\/zonaroja.com.mx\/index.php?rest_route=\/wp\/v2\/media\/16965"}],"wp:attachment":[{"href":"https:\/\/zonaroja.com.mx\/index.php?rest_route=%2Fwp%2Fv2%2Fmedia&parent=16963"}],"wp:term":[{"taxonomy":"category","embeddable":true,"href":"https:\/\/zonaroja.com.mx\/index.php?rest_route=%2Fwp%2Fv2%2Fcategories&post=16963"},{"taxonomy":"post_tag","embeddable":true,"href":"https:\/\/zonaroja.com.mx\/index.php?rest_route=%2Fwp%2Fv2%2Ftags&post=16963"}],"curies":[{"name":"wp","href":"https:\/\/api.w.org\/{rel}","templated":true}]}}