{"id":16967,"date":"2020-08-30T07:36:03","date_gmt":"2020-08-30T12:36:03","guid":{"rendered":"http:\/\/www.zonaroja.com.mx\/?p=16967"},"modified":"2020-08-30T07:36:06","modified_gmt":"2020-08-30T12:36:06","slug":"avala-congreso-de-oaxaca-exhorto-para-que-autoridades-suspendan-fiestas-patrias","status":"publish","type":"post","link":"https:\/\/zonaroja.com.mx\/?p=16967","title":{"rendered":"Avala Congreso de Oaxaca exhorto para que autoridades suspendan fiestas patrias"},"content":{"rendered":"\n<p>Evlin Arag\u00f3n\/Zona Roja.<\/p>\n\n\n\n<p>Oaxaca de Ju\u00e1rez, Oax., 30 de agosto de 2020.- Diputadas y diputados de la 64 Legislatura en Oaxaca avalaron el exhorto dirigido a las autoridades estatales y municipales para que se abstengan de realizar actividades masivas los d\u00edas 15 y 16 de septiembre con motivo de la conmemoraci\u00f3n de la Independencia de M\u00e9xico.&nbsp;<\/p>\n\n\n\n<p>Lo anterior ante la contingencia que a\u00fan se vive en el pa\u00eds y la entidad oaxaque\u00f1a, que de acuerdo con las autoridades en materia de salud hasta este s\u00e1bado report\u00f3 13 mil 574 casos confirmados acumulados y mil 270 defunciones por Covid-19.&nbsp;<\/p>\n\n\n\n<p>La iniciativa del diputado por el Partido del Trabajo, C\u00e9sar Morales Ni\u00f1o, fue aprobada por el pleno y determin\u00f3 hacer un llamado al gobernador de Oaxaca, Alejandro Murat Hinojosa y las autoridades de los 570 municipios para evitar realizar acciones alusivas a las fiestas patrias o cualquier otra que implique aglomeraci\u00f3n de personas.&nbsp;<\/p>\n\n\n\n<p>Asimismo, exhortaron a la Secretar\u00eda General de Gobierno para que a trav\u00e9s de sus \u00e1reas correspondientes informen a las autoridades municipales las reformas de la Ley Org\u00e1nica Municipal y las sanciones que implican la realizaci\u00f3n de acto sociales en este periodo de contingencia sanitaria.&nbsp;<\/p>\n\n\n\n<p>Dichos cambios en la ley establecen que el desacato a las medidas sanitarias o protocolos de salud p\u00fablica, trat\u00e1ndose de emergencias sanitarias, pandemias o cualquier otra crisis de salud; y poner en riesgo la vida, salud, dignidad de la poblaci\u00f3n, son causas suficientes para la revocaci\u00f3n de mandato o desaparici\u00f3n de poderes<\/p>\n\n\n\n<p>As\u00ed lo determin\u00f3 la Comisi\u00f3n Permanente de Fortalecimiento y Asuntos Municipales ante la nula vigilancia de algunas autoridades municipales en imponer controles o medidas efectivas que permitan a la poblaci\u00f3n evitar el mayor contacto social posible, lo cual ha incrementado el \u00edndice de mortandad por Coronavirus.&nbsp;<\/p>\n\n\n\n<p>Pese a que el sem\u00e1foro epidemiol\u00f3gico en Oaxaca pase este lunes a color amarillo, la contingencia continua y el funcionariado p\u00fablico que relaje la sana distancia o los lineamientos de cuidados y prevenci\u00f3n a la salud que dictan las autoridades en la materia, podr\u00eda cometer desacato a la ley que puede traer consecuencias en la investidura que ostentan.<\/p>\n\n\n\n<p>Fue el pasado 19 de agosto que en sesi\u00f3n ordinaria, las y los legisladores aprobaron una reforma a la Ley Org\u00e1nica Municipal del Estado de Oaxaca, que incluye la adici\u00f3n de fracciones a los art\u00edculos 44, 58, y 61 a fin de que los ayuntamientos y sus funcionarios cumplan su gesti\u00f3n en apego a la protecci\u00f3n al derecho humano a la salud de sus habitantes.<\/p>\n","protected":false},"excerpt":{"rendered":"<p>Evlin Arag\u00f3n\/Zona Roja. Oaxaca de Ju\u00e1rez, Oax., 30 de agosto de 2020.- Diputadas y diputados&hellip;<\/p>\n","protected":false},"author":2,"featured_media":16968,"comment_status":"closed","ping_status":"open","sticky":false,"template":"","format":"standard","meta":{"_lmt_disableupdate":"","_lmt_disable":"","_jetpack_memberships_contains_paid_content":false,"footnotes":""},"categories":[109,46],"tags":[612],"class_list":["post-16967","post","type-post","status-publish","format-standard","has-post-thumbnail","hentry","category-minuto-a-minuto","category-zona-blanca","tag-cesar-morales-nino"],"jetpack_featured_media_url":"https:\/\/zonaroja.com.mx\/wp-content\/uploads\/2020\/08\/Fiestas-patrias.jpg","jetpack_sharing_enabled":true,"_links":{"self":[{"href":"https:\/\/zonaroja.com.mx\/index.php?rest_route=\/wp\/v2\/posts\/16967","targetHints":{"allow":["GET"]}}],"collection":[{"href":"https:\/\/zonaroja.com.mx\/index.php?rest_route=\/wp\/v2\/posts"}],"about":[{"href":"https:\/\/zonaroja.com.mx\/index.php?rest_route=\/wp\/v2\/types\/post"}],"author":[{"embeddable":true,"href":"https:\/\/zonaroja.com.mx\/index.php?rest_route=\/wp\/v2\/users\/2"}],"replies":[{"embeddable":true,"href":"https:\/\/zonaroja.com.mx\/index.php?rest_route=%2Fwp%2Fv2%2Fcomments&post=16967"}],"version-history":[{"count":1,"href":"https:\/\/zonaroja.com.mx\/index.php?rest_route=\/wp\/v2\/posts\/16967\/revisions"}],"predecessor-version":[{"id":16969,"href":"https:\/\/zonaroja.com.mx\/index.php?rest_route=\/wp\/v2\/posts\/16967\/revisions\/16969"}],"wp:featuredmedia":[{"embeddable":true,"href":"https:\/\/zonaroja.com.mx\/index.php?rest_route=\/wp\/v2\/media\/16968"}],"wp:attachment":[{"href":"https:\/\/zonaroja.com.mx\/index.php?rest_route=%2Fwp%2Fv2%2Fmedia&parent=16967"}],"wp:term":[{"taxonomy":"category","embeddable":true,"href":"https:\/\/zonaroja.com.mx\/index.php?rest_route=%2Fwp%2Fv2%2Fcategories&post=16967"},{"taxonomy":"post_tag","embeddable":true,"href":"https:\/\/zonaroja.com.mx\/index.php?rest_route=%2Fwp%2Fv2%2Ftags&post=16967"}],"curies":[{"name":"wp","href":"https:\/\/api.w.org\/{rel}","templated":true}]}}