{"id":16970,"date":"2020-08-30T07:48:35","date_gmt":"2020-08-30T12:48:35","guid":{"rendered":"http:\/\/www.zonaroja.com.mx\/?p=16970"},"modified":"2020-08-30T07:48:38","modified_gmt":"2020-08-30T12:48:38","slug":"asesinan-a-un-individuo-en-santa-catarina-mechoacan-y-otro-en-matias-romero","status":"publish","type":"post","link":"https:\/\/zonaroja.com.mx\/?p=16970","title":{"rendered":"Asesinan a un individuo en Santa Catarina Mechoac\u00e1n y otro en Mat\u00edas Romero"},"content":{"rendered":"\n<p>Redacci\u00f3n\/Zona Roja.<\/p>\n\n\n\n<p>Oaxaca de Ju\u00e1rez, Oax., 30 de agosto de 2020.- Dos personas fueron asesinadas a balazos en las \u00faltimas horas, en las regiones Istmo de Tehuantepec y Costa de Oaxaca.<\/p>\n\n\n\n<p>En el municipio de Mat\u00edas Romero Avenda\u00f1o, la madrugada de este domingo fue localizado un cuerpo desmembrado en el acceso principal a dicha ciudad istme\u00f1a, junto un monumento y con un mensaje en una cartulina.<\/p>\n\n\n\n<p>Fue en la calle Hombres Ilustres crucero con la carretera federal 185 en que se hallaron los restos humanos, con huellas de tortura y el cual permanece en calidad de desconocido.<\/p>\n\n\n\n<p>Por otra parte, una persona del sexo masculino fue asesinada anoche en Santa Catarina Mechoac\u00e1n, Oaxaca, presuntamente tras una ri\u00f1a despu\u00e9s de ingerir bebidas alcoh\u00f3licas.<\/p>\n\n\n\n<p>Los hechos se suscitaron en una calle del Barrio del Pante\u00f3n de dicho municipio, perteneciente a la regi\u00f3n de la Costa.<\/p>\n\n\n\n<p>Tras las discusiones entre un grupo de parroquianos, un individuo sac\u00f3 su arma de fuego y dispar\u00f3 en contra de una persona, a\u00fan no identificada legalmente, quien muri\u00f3 al instante.<\/p>\n\n\n\n<p>Personal de la polic\u00eda municipal dio aviso al Ministerio P\u00fablico y personal de la Agencia Estatal de Investigaciones dio inicio a la carpeta de investigaci\u00f3n correspondiente.<\/p>\n","protected":false},"excerpt":{"rendered":"<p>Redacci\u00f3n\/Zona Roja. Oaxaca de Ju\u00e1rez, Oax., 30 de agosto de 2020.- Dos personas fueron asesinadas&hellip;<\/p>\n","protected":false},"author":2,"featured_media":1795,"comment_status":"closed","ping_status":"open","sticky":false,"template":"","format":"standard","meta":{"_lmt_disableupdate":"","_lmt_disable":"","_jetpack_memberships_contains_paid_content":false,"footnotes":""},"categories":[109,51],"tags":[228,581],"class_list":["post-16970","post","type-post","status-publish","format-standard","has-post-thumbnail","hentry","category-minuto-a-minuto","category-zona-roja","tag-matias-romero-avendano","tag-santa-catarina-mechoacan"],"jetpack_featured_media_url":"https:\/\/zonaroja.com.mx\/wp-content\/uploads\/2019\/06\/IMG_2489.jpg","jetpack_sharing_enabled":true,"_links":{"self":[{"href":"https:\/\/zonaroja.com.mx\/index.php?rest_route=\/wp\/v2\/posts\/16970","targetHints":{"allow":["GET"]}}],"collection":[{"href":"https:\/\/zonaroja.com.mx\/index.php?rest_route=\/wp\/v2\/posts"}],"about":[{"href":"https:\/\/zonaroja.com.mx\/index.php?rest_route=\/wp\/v2\/types\/post"}],"author":[{"embeddable":true,"href":"https:\/\/zonaroja.com.mx\/index.php?rest_route=\/wp\/v2\/users\/2"}],"replies":[{"embeddable":true,"href":"https:\/\/zonaroja.com.mx\/index.php?rest_route=%2Fwp%2Fv2%2Fcomments&post=16970"}],"version-history":[{"count":1,"href":"https:\/\/zonaroja.com.mx\/index.php?rest_route=\/wp\/v2\/posts\/16970\/revisions"}],"predecessor-version":[{"id":16971,"href":"https:\/\/zonaroja.com.mx\/index.php?rest_route=\/wp\/v2\/posts\/16970\/revisions\/16971"}],"wp:featuredmedia":[{"embeddable":true,"href":"https:\/\/zonaroja.com.mx\/index.php?rest_route=\/wp\/v2\/media\/1795"}],"wp:attachment":[{"href":"https:\/\/zonaroja.com.mx\/index.php?rest_route=%2Fwp%2Fv2%2Fmedia&parent=16970"}],"wp:term":[{"taxonomy":"category","embeddable":true,"href":"https:\/\/zonaroja.com.mx\/index.php?rest_route=%2Fwp%2Fv2%2Fcategories&post=16970"},{"taxonomy":"post_tag","embeddable":true,"href":"https:\/\/zonaroja.com.mx\/index.php?rest_route=%2Fwp%2Fv2%2Ftags&post=16970"}],"curies":[{"name":"wp","href":"https:\/\/api.w.org\/{rel}","templated":true}]}}