{"id":16972,"date":"2020-08-30T13:19:52","date_gmt":"2020-08-30T18:19:52","guid":{"rendered":"http:\/\/www.zonaroja.com.mx\/?p=16972"},"modified":"2020-08-30T13:19:57","modified_gmt":"2020-08-30T18:19:57","slug":"rodrigo-no-murio-lo-mataron-por-la-espalda-cruel-e-impunemente","status":"publish","type":"post","link":"https:\/\/zonaroja.com.mx\/?p=16972","title":{"rendered":"\u201cRodrigo no muri\u00f3; lo mataron, por la espalda, cruel e impunemente\u201d"},"content":{"rendered":"\n<p>Ismael Garc\u00eda M.\/Zona Roja.<\/p>\n\n\n\n<p>Oaxaca de Ju\u00e1rez, Oax., 30 de agosto de 2020.- \u201cNo es f\u00e1cil despedir a alguien que comenzaba su vida, que ten\u00eda sue\u00f1os, metas, ilusiones. Desde aqu\u00ed reiteramos nuestro clamor de justicia, \u00a1justicia para Rodrigo!, no se puede pedir otra cosa m\u00e1s; el asunto es muy sencillo, hay un asesino all\u00e1 en la calle y tiene que pagar su crimen\u201d.<\/p>\n\n\n\n<p>Ese fue parte del clamor de amigos y familiares del adolescente Rodrigo Abed M. S., de 17 a\u00f1os de edad, asesinado hace dos semanas en el Infonavit Primero de Mayo de la ciudad de Oaxaca y cuyo caso permanece impune.<\/p>\n\n\n\n<p>Por eso, la ma\u00f1ana de este domingo, efectuaron una marcha de la fuente de las Ocho Regiones hacia el z\u00f3calo de la ciudad capital, donde en un mitin, reiteraron la exigencia de castigo para el presunto criminal.<\/p>\n\n\n\n<p>De acuerdo con los familiares, el adolescente deportista sali\u00f3 a hacer ejercicios la ma\u00f1ana del domingo 16 de agosto, cuando fue asaltado y lesionado con arma blanca; fue atendido en su domicilio, donde perdi\u00f3 la vida por la gravedad de las heridas.<\/p>\n\n\n\n<p>Seg\u00fan otras versiones y reportes policiacos, Rodrigo Abed fue atacado durante una ri\u00f1a cerca de la media noche del s\u00e1bado 15 de agosto en la misma zona e incluso se tiene identificado al probable autor, un integrante de una pandilla en la zona.<\/p>\n\n\n\n<figure class=\"wp-block-embed-twitter wp-block-embed is-type-rich is-provider-twitter\"><div class=\"wp-block-embed__wrapper\">\n<div class=\"twitter-tweet\"><blockquote class=\"twitter-tweet\" data-lang=\"es\"><p lang=\"es\" dir=\"ltr\"><a href=\"https:\/\/twitter.com\/hashtag\/JusticiaParaRodrigoAbed?src=hash&amp;ref_src=twsrc%5Etfw\">#JusticiaParaRodrigoAbed<\/a><br>Esta ma\u00f1ana en la capital de <a href=\"https:\/\/twitter.com\/hashtag\/Oaxaca?src=hash&amp;ref_src=twsrc%5Etfw\">#Oaxaca<\/a>, familiares realizan una marcha para exigir justicia por el probable asesinato de Rodrigo Abed, ultimado hace dos semanas al norte de la ciudad. A\u00fan no hay informaci\u00f3n oficial acerca de la forma en que muri\u00f3. <a href=\"https:\/\/t.co\/GrTENFWdnW\">pic.twitter.com\/GrTENFWdnW<\/a><\/p>&mdash; Zona Roja Oaxaca (@MexRoja) <a href=\"https:\/\/twitter.com\/MexRoja\/status\/1300104659890135041?ref_src=twsrc%5Etfw\">30 de agosto de 2020<\/a><\/blockquote><\/div>\n<\/div><\/figure>\n\n\n\n<p>\u201cSabemos que nada de eso nos va a devolver a nuestro amado Rodrigo, pero con esto vamos a poder evitar que ese asesino, que anda all\u00e1 suelto, malandr\u00edn, malviviente, siga da\u00f1ando a m\u00e1s personas inocentes.<\/p>\n\n\n\n<p>\u201cNing\u00fan da\u00f1o le hac\u00eda un joven de 17 a\u00f1os a un adulto malviviente de m\u00e1s de 35, con ventaja en cuerpo y tama\u00f1o. Rodrigo no muri\u00f3, a Rodrigo lo mataron, por la espalda, cruel el impunemente\u201d, dijo uno de los familiares, durante el mitin en el z\u00f3calo.<\/p>\n\n\n\n<p>Previo a ello, el t\u00edo del adolescente reconoci\u00f3 la atenci\u00f3n de la Fiscal\u00eda General del Estado, pero pidi\u00f3 que haya justicia pronta; acompa\u00f1ado de familiares y preparatorianos universitarios, compa\u00f1eros de Rodrigo, los familiares pidieron tomar el ejemplo de Rodrigo para bien.<\/p>\n\n\n\n<figure class=\"wp-block-embed-twitter wp-block-embed is-type-rich is-provider-twitter\"><div class=\"wp-block-embed__wrapper\">\n<div class=\"twitter-tweet\"><blockquote class=\"twitter-tweet\" data-lang=\"es\"><p lang=\"es\" dir=\"ltr\"><a href=\"https:\/\/twitter.com\/hashtag\/JusticiaParaRodrigoAbed?src=hash&amp;ref_src=twsrc%5Etfw\">#JusticiaParaRodrigoAbed<\/a> <br>&quot;\u00a1Justicia para Rodrigo y todos los que han ca\u00eddo en manos de la delincuencia!\u201d, el clamor durante la marcha de este domingo de la fuente de las Ocho Regiones al z\u00f3calo de la ciudad de <a href=\"https:\/\/twitter.com\/hashtag\/Oaxaca?src=hash&amp;ref_src=twsrc%5Etfw\">#Oaxaca<\/a>. <a href=\"https:\/\/t.co\/9UaR4TJxKO\">pic.twitter.com\/9UaR4TJxKO<\/a><\/p>&mdash; Zona Roja Oaxaca (@MexRoja) <a href=\"https:\/\/twitter.com\/MexRoja\/status\/1300110051969908736?ref_src=twsrc%5Etfw\">30 de agosto de 2020<\/a><\/blockquote><\/div>\n<\/div><\/figure>\n\n\n\n<p>\u201cPor eso hoy la familia nos hemos citado por este clamor, pero del lado de la energ\u00eda positiva, de los que somos m\u00e1s, del lado de los que trabajamos y construimos este pa\u00eds, no del lado de la escoria de la sociedad. Nuestro hijo fue una v\u00edctima, pero no se va a quedar ah\u00ed, tiene que ser una inspiraci\u00f3n para cada uno de los j\u00f3venes que est\u00e1n guiando su camino en la vida.<\/p>\n\n\n\n<p>\u201cRetomen su vida, j\u00f3venes, que tienen la vida por delante, s\u00f3lo tenemos una y tenemos que tomar las mejores decisiones, no se trata de ser pobre o de rico, sino de tomar las mejores decisiones. Hoy te invito joven que nos escuchas, toma las mejores decisiones para ti y tu vida; elige vivir, elige amar, elige amar a tu familia\u201d, fue el mensaje.<\/p>\n","protected":false},"excerpt":{"rendered":"<p>Ismael Garc\u00eda M.\/Zona Roja. Oaxaca de Ju\u00e1rez, Oax., 30 de agosto de 2020.- \u201cNo es&hellip;<\/p>\n","protected":false},"author":2,"featured_media":16973,"comment_status":"closed","ping_status":"open","sticky":false,"template":"","format":"standard","meta":{"_lmt_disableupdate":"","_lmt_disable":"","_jetpack_memberships_contains_paid_content":false,"footnotes":""},"categories":[109,47],"tags":[1928],"class_list":["post-16972","post","type-post","status-publish","format-standard","has-post-thumbnail","hentry","category-minuto-a-minuto","category-zona-gris","tag-rodrigo-abed-mancha-sigala"],"jetpack_featured_media_url":"https:\/\/zonaroja.com.mx\/wp-content\/uploads\/2020\/08\/Marcha-Rodrigo-Abed.jpg","jetpack_sharing_enabled":true,"_links":{"self":[{"href":"https:\/\/zonaroja.com.mx\/index.php?rest_route=\/wp\/v2\/posts\/16972","targetHints":{"allow":["GET"]}}],"collection":[{"href":"https:\/\/zonaroja.com.mx\/index.php?rest_route=\/wp\/v2\/posts"}],"about":[{"href":"https:\/\/zonaroja.com.mx\/index.php?rest_route=\/wp\/v2\/types\/post"}],"author":[{"embeddable":true,"href":"https:\/\/zonaroja.com.mx\/index.php?rest_route=\/wp\/v2\/users\/2"}],"replies":[{"embeddable":true,"href":"https:\/\/zonaroja.com.mx\/index.php?rest_route=%2Fwp%2Fv2%2Fcomments&post=16972"}],"version-history":[{"count":1,"href":"https:\/\/zonaroja.com.mx\/index.php?rest_route=\/wp\/v2\/posts\/16972\/revisions"}],"predecessor-version":[{"id":16974,"href":"https:\/\/zonaroja.com.mx\/index.php?rest_route=\/wp\/v2\/posts\/16972\/revisions\/16974"}],"wp:featuredmedia":[{"embeddable":true,"href":"https:\/\/zonaroja.com.mx\/index.php?rest_route=\/wp\/v2\/media\/16973"}],"wp:attachment":[{"href":"https:\/\/zonaroja.com.mx\/index.php?rest_route=%2Fwp%2Fv2%2Fmedia&parent=16972"}],"wp:term":[{"taxonomy":"category","embeddable":true,"href":"https:\/\/zonaroja.com.mx\/index.php?rest_route=%2Fwp%2Fv2%2Fcategories&post=16972"},{"taxonomy":"post_tag","embeddable":true,"href":"https:\/\/zonaroja.com.mx\/index.php?rest_route=%2Fwp%2Fv2%2Ftags&post=16972"}],"curies":[{"name":"wp","href":"https:\/\/api.w.org\/{rel}","templated":true}]}}