{"id":16975,"date":"2020-08-30T13:29:31","date_gmt":"2020-08-30T18:29:31","guid":{"rendered":"http:\/\/www.zonaroja.com.mx\/?p=16975"},"modified":"2020-08-30T13:29:34","modified_gmt":"2020-08-30T18:29:34","slug":"impune-desde-hace-dos-anos-desaparicion-de-ernesto-sernas","status":"publish","type":"post","link":"https:\/\/zonaroja.com.mx\/?p=16975","title":{"rendered":"Impune desde hace dos a\u00f1os, desaparici\u00f3n de Ernesto Sernas"},"content":{"rendered":"\n<p>Redacci\u00f2n\/Zona Roja.<\/p>\n\n\n\n<p>Oaxaca de Ju\u00e0rez, Oax., 30 de agosto de 2020.- En el marco del D\u00eda Internacional de las V\u00edctimas de Desaparici\u00f3n Forzada, integrantes la Coordinaci\u00f3n por la Libertad de Personas Defensoras Criminalizadas en Oaxaca, denunciaron la impunidad que impera en Oaxaca en casos de desaparici\u00f3n forzada, como el del defensor de derechos humanos Ernesto Sernas Garc\u00eda, desaparecido desde el 10 de mayo 2018.<\/p>\n\n\n\n<p>Al momento de su desaparici\u00f3n, se desempe\u00f1aba como catedr\u00e1tico de la Universidad Aut\u00f3noma \u201cBenito Ju\u00e1rez\u201d de Oaxaca (UABJO) y tambi\u00e9n representaba a 23 integrantes de la organizaci\u00f3n Corriente del Pueblo \u201cSol Rojo\u201d que hab\u00edan sido arbitrariamente criminalizados.<\/p>\n\n\n\n<p>De acuerdo con un comunicado de prensa de organismos de la sociedad civil, la desaparici\u00f3n forzada de Ernesto Sernas ha llamado la atenci\u00f3n de organismos internacionales que se han pronunciado reiteradamente sobre el caso:<\/p>\n\n\n\n<p>El 28 de septiembre 2018, el Comit\u00e9 Contra las Desapariciones Forzadas de la ONU (CED) emiti\u00f3 la Acci\u00f3n Urgente 540\/2018 sobre este caso. Se\u00f1al\u00f3, entre otros aspectos, la falta de enfoque diferencial y de an\u00e1lisis de contexto al momento de dirigir la investigaci\u00f3n y b\u00fasqueda, al no tomar en cuenta la labor de defensor de DH de Ernesto Sernas.<\/p>\n\n\n\n<p>El 8 de mayo 2019, 4 Relatores Especiales y el Grupo de Trabajo sobre Desapariciones Forzadas de las Naciones Unidas transmitieron el Llamado Urgente AL MEX 7\/2019 al Estado Mexicano inst\u00e1ndole a proporcionar informaci\u00f3n en relaci\u00f3n a los avances en las investigaciones y b\u00fasqueda del defensor de DH Ernesto Sernas, as\u00ed como entorno a las medidas adoptadas para garantizar la protecci\u00f3n de familiares de Ernesto Sernas, de integrantes de \u201cSol Rojo\u201d y de personas defensoras.<\/p>\n\n\n\n<p>El 10 de mayo 2019 y al cumplirse un a\u00f1o de la desaparici\u00f3n forzada de Ernesto Sernas, los mismos 4 Relatores Especiales y el Grupo de Trabajo sobre Desapariciones Forzadas publicaron un comunicado expresando su preocupaci\u00f3n por la falta de avances en las investigaciones en el caso de Ernesto Sernas y el incremento de la violencia contra personas defensoras.<\/p>\n\n\n\n<p>El 15 de julio de 2019, el entonces Relator Especial sobre la situaci\u00f3n de los defensores de los derechos humanos, Michel Forst, mencion\u00f3 el caso de Ernesto Sernas en su informe sobre impunidad, enfatizando que el caso \u201cilustra las actuaciones negligentes en las investigaciones [\u2026]; que las autoridades no han investigado de manera prioritaria su condici\u00f3n de defensor de DH, no tomaron en cuenta las amenazas previas recibidas e inclusive los familiares han denunciado obst\u00e1culos a su participaci\u00f3n en la investigaci\u00f3n\u201d.<\/p>\n\n\n\n<p>\u201cLa actitud del Estado mexicano y en particular de la Fiscal\u00eda General del Estado de Oaxaca (FGEO) ha sido en el sentido de desestimar estas preocupaciones y recomendaciones internacionales. Efectivamente, en sus respuestas a los llamados urgentes, proporciona informaci\u00f3n escueta y descalifica la hip\u00f3tesis de desaparici\u00f3n forzada como consecuencia de la labor de defensa de derechos humanos; tampoco menciona plan de b\u00fasqueda alguno y mucho menos b\u00fasqueda en vida. Asimismo, desestima la gravedad del riesgo que enfrentan familiares de Ernesto Sernas e integrantes de \u2018Sol Rojo\u2019\u201d, se\u00f1alaron en el comunicado.<\/p>\n\n\n\n<p>Expusieron que a m\u00e1s de dos a\u00f1os de la desaparici\u00f3n forzada del defensor, se sigue sin contar con informaci\u00f3n alguna sobre su paradero.<\/p>\n\n\n\n<p>Por ello, exigieron al Estado mexicano y en particular a la Fiscal\u00eda General del Estado de Oaxaca que asuma con seriedad sus obligaciones internacionales y el seguimiento a las recomendaciones recibidas en el caso de Ernesto Sernas.<\/p>\n\n\n\n<p>Garantice la participaci\u00f3n en todo momento de familiares de Ernesto Sernas, integrantes de \u201cSol Rojo\u201d y coadyuvantes en la investigaci\u00f3n y b\u00fasqueda. Presente e implemente de manera inmediata un plan exhaustivo de b\u00fasqueda para dar con el paradero del defensor de DH<\/p>\n\n\n\n<p>Investigue de forma prioritaria la desaparici\u00f3n forzada como represalia a la labor de defensa de derechos humanos.<\/p>\n\n\n\n<p>Entre otras organizaciones, firman el comunicado Consorcio para el Di\u00e1logo Parlamentario y la Equidad Oaxaca A.C.; Comit\u00e9 de Familiares, Amigas y Amigos de Dami\u00e1n Gallardo Mart\u00ednez; Comit\u00e9 de Defensa de los Derechos Ind\u00edgenas (CODEDI); Corriente del Pueblo \u201cSol Rojo\u201d; Escuela Normal Rural Vanguardia y Egresadas de Tamazul\u00e1pam del Progreso (Enruva).<\/p>\n\n\n\n<p>Asimismo, Servicios para una Educaci\u00f3n Alternativa; Uni\u00f3n C\u00edvica Democr\u00e1tica de Barrios, Colonias y Comunidades; Voces Oaxaque\u00f1as Construyendo Autonom\u00eda y Libertad.<\/p>\n","protected":false},"excerpt":{"rendered":"<p>Redacci\u00f2n\/Zona Roja. Oaxaca de Ju\u00e0rez, Oax., 30 de agosto de 2020.- En el marco del&hellip;<\/p>\n","protected":false},"author":2,"featured_media":4761,"comment_status":"closed","ping_status":"open","sticky":false,"template":"","format":"standard","meta":{"_lmt_disableupdate":"","_lmt_disable":"","_jetpack_memberships_contains_paid_content":false,"footnotes":""},"categories":[47],"tags":[767],"class_list":["post-16975","post","type-post","status-publish","format-standard","has-post-thumbnail","hentry","category-zona-gris","tag-ernesto-sernas-garcia"],"jetpack_featured_media_url":"https:\/\/zonaroja.com.mx\/wp-content\/uploads\/2019\/10\/Ernesto-Serna-2.jpg","jetpack_sharing_enabled":true,"_links":{"self":[{"href":"https:\/\/zonaroja.com.mx\/index.php?rest_route=\/wp\/v2\/posts\/16975","targetHints":{"allow":["GET"]}}],"collection":[{"href":"https:\/\/zonaroja.com.mx\/index.php?rest_route=\/wp\/v2\/posts"}],"about":[{"href":"https:\/\/zonaroja.com.mx\/index.php?rest_route=\/wp\/v2\/types\/post"}],"author":[{"embeddable":true,"href":"https:\/\/zonaroja.com.mx\/index.php?rest_route=\/wp\/v2\/users\/2"}],"replies":[{"embeddable":true,"href":"https:\/\/zonaroja.com.mx\/index.php?rest_route=%2Fwp%2Fv2%2Fcomments&post=16975"}],"version-history":[{"count":1,"href":"https:\/\/zonaroja.com.mx\/index.php?rest_route=\/wp\/v2\/posts\/16975\/revisions"}],"predecessor-version":[{"id":16976,"href":"https:\/\/zonaroja.com.mx\/index.php?rest_route=\/wp\/v2\/posts\/16975\/revisions\/16976"}],"wp:featuredmedia":[{"embeddable":true,"href":"https:\/\/zonaroja.com.mx\/index.php?rest_route=\/wp\/v2\/media\/4761"}],"wp:attachment":[{"href":"https:\/\/zonaroja.com.mx\/index.php?rest_route=%2Fwp%2Fv2%2Fmedia&parent=16975"}],"wp:term":[{"taxonomy":"category","embeddable":true,"href":"https:\/\/zonaroja.com.mx\/index.php?rest_route=%2Fwp%2Fv2%2Fcategories&post=16975"},{"taxonomy":"post_tag","embeddable":true,"href":"https:\/\/zonaroja.com.mx\/index.php?rest_route=%2Fwp%2Fv2%2Ftags&post=16975"}],"curies":[{"name":"wp","href":"https:\/\/api.w.org\/{rel}","templated":true}]}}