{"id":16978,"date":"2020-08-30T17:50:15","date_gmt":"2020-08-30T22:50:15","guid":{"rendered":"https:\/\/www.zonaroja.com.mx\/?p=16978"},"modified":"2020-08-30T17:50:18","modified_gmt":"2020-08-30T22:50:18","slug":"ejecutan-a-taxista-de-miahuatlan-y-tiran-el-vehiculo-a-un-barranco","status":"publish","type":"post","link":"https:\/\/zonaroja.com.mx\/?p=16978","title":{"rendered":"Ejecutan a taxista de Miahuatl\u00e1n y tiran el veh\u00edculo a un barranco"},"content":{"rendered":"\n<p>Ismael Garc\u00eda M.\/Zona Roja. <\/p>\n\n\n\n<p>Oaxaca de Ju\u00e1rez, Oax., 30 de agosto de 2020.- Un taxista de Miahuatl\u00e1n de Porfirio D\u00edaz, Oaxaca, fue asesinado anoche y el veh\u00edculo tirado a un barranco. <\/p>\n\n\n\n<p>La unidad de motor fue hallada a la altura del paraje \u201cOjo de Agua\u201d, en una hondonada de unos 15 metros, cerca de la carretera federal 175, Oaxaca-Puerto \u00c1ngel, en jurisdicci\u00f3n de San Vicente Coatl\u00e1n. <\/p>\n\n\n\n<p>La v\u00edctima fue identificada como Fausto F. R., de 49 a\u00f1os de edad, quien conduc\u00eda el taxi con n\u00famero econ\u00f3mico 05-020, placas de circulaci\u00f3n 1340-SJK, del sitio \u201cMiahuatl\u00e1n\u201d A. C.<\/p>\n\n\n\n<p>De acuerdo con las primeras indagatorias, el hombre presenta impactos de arma de fuego en la parte posterior de la cabeza, con salida en la comisura interna del ojo izquierdo. <\/p>\n\n\n\n<p>El lugar donde ocurrieron los hechos es un \u00e1rea despoblada; a simple vista la unidad de motor presenta da\u00f1os provocados por salida del camino y lo accidentado del terreno.<\/p>\n\n\n\n<p>El cuerpo fue trasladado al anfiteatro de Miahuatl\u00e1n para la necropsia correspondiente y el cuerpo fue identificado por la esposa de la v\u00edctima, de nombre Carmen R. C.<\/p>\n","protected":false},"excerpt":{"rendered":"<p>Ismael Garc\u00eda M.\/Zona Roja. Oaxaca de Ju\u00e1rez, Oax., 30 de agosto de 2020.- Un taxista&hellip;<\/p>\n","protected":false},"author":2,"featured_media":16977,"comment_status":"closed","ping_status":"open","sticky":false,"template":"","format":"standard","meta":{"_lmt_disableupdate":"","_lmt_disable":"","_jetpack_memberships_contains_paid_content":false,"footnotes":""},"categories":[109,51],"tags":[169],"class_list":["post-16978","post","type-post","status-publish","format-standard","has-post-thumbnail","hentry","category-minuto-a-minuto","category-zona-roja","tag-miahuatlan-de-porfirio-diaz"],"jetpack_featured_media_url":"https:\/\/zonaroja.com.mx\/wp-content\/uploads\/2020\/08\/d7e59c2b-b2ed-40e0-9ab2-d67b09c22e1d.jpg","jetpack_sharing_enabled":true,"_links":{"self":[{"href":"https:\/\/zonaroja.com.mx\/index.php?rest_route=\/wp\/v2\/posts\/16978","targetHints":{"allow":["GET"]}}],"collection":[{"href":"https:\/\/zonaroja.com.mx\/index.php?rest_route=\/wp\/v2\/posts"}],"about":[{"href":"https:\/\/zonaroja.com.mx\/index.php?rest_route=\/wp\/v2\/types\/post"}],"author":[{"embeddable":true,"href":"https:\/\/zonaroja.com.mx\/index.php?rest_route=\/wp\/v2\/users\/2"}],"replies":[{"embeddable":true,"href":"https:\/\/zonaroja.com.mx\/index.php?rest_route=%2Fwp%2Fv2%2Fcomments&post=16978"}],"version-history":[{"count":1,"href":"https:\/\/zonaroja.com.mx\/index.php?rest_route=\/wp\/v2\/posts\/16978\/revisions"}],"predecessor-version":[{"id":16979,"href":"https:\/\/zonaroja.com.mx\/index.php?rest_route=\/wp\/v2\/posts\/16978\/revisions\/16979"}],"wp:featuredmedia":[{"embeddable":true,"href":"https:\/\/zonaroja.com.mx\/index.php?rest_route=\/wp\/v2\/media\/16977"}],"wp:attachment":[{"href":"https:\/\/zonaroja.com.mx\/index.php?rest_route=%2Fwp%2Fv2%2Fmedia&parent=16978"}],"wp:term":[{"taxonomy":"category","embeddable":true,"href":"https:\/\/zonaroja.com.mx\/index.php?rest_route=%2Fwp%2Fv2%2Fcategories&post=16978"},{"taxonomy":"post_tag","embeddable":true,"href":"https:\/\/zonaroja.com.mx\/index.php?rest_route=%2Fwp%2Fv2%2Ftags&post=16978"}],"curies":[{"name":"wp","href":"https:\/\/api.w.org\/{rel}","templated":true}]}}