{"id":16983,"date":"2020-08-30T20:11:33","date_gmt":"2020-08-31T01:11:33","guid":{"rendered":"http:\/\/www.zonaroja.com.mx\/?p=16983"},"modified":"2020-08-30T20:11:37","modified_gmt":"2020-08-31T01:11:37","slug":"confirman-cancelacion-de-desfile-patrio-en-oaxaca-grito-sera-en-privado","status":"publish","type":"post","link":"https:\/\/zonaroja.com.mx\/?p=16983","title":{"rendered":"Confirman cancelaci\u00f3n de desfile patrio en Oaxaca; Grito ser\u00e1 en privado"},"content":{"rendered":"\n<p>Redacci\u00f3n\/Zona Roja.<\/p>\n\n\n\n<p>Oaxaca de Ju\u00e1rez, Oax. 30 de agosto de 2020.- El gobierno de Oaxaca confirm\u00f3 la cancelaci\u00f3n del desfile del 16 de septiembre con motivo de las fiestas patrias, en tanto que la ceremonia del Grito de Independencia se har\u00e1 en privado.<\/p>\n\n\n\n<p>En un mensaje de video a trav\u00e9s de la Corporaci\u00f3n Oaxaque\u00f1a de Radio y Televisi\u00f3n (CORTV), el gobernador Alejandro Murat Hinojosa enunci\u00f3 cinco puntos, al iniciar ma\u00f1ana Oaxaca en sem\u00e1foro epidemiol\u00f3gico amarillo.<\/p>\n\n\n\n<p>Dio a conocer que emiti\u00f3 un decreto mediante el cual se modifica &#8211;debido a la contingencia sanitaria&#8211; el protocolo de celebraci\u00f3n de las fiestas patrias; por ello, la ceremonia del Grito de Independencia se llevar\u00e1 a cabo a puerta cerrada, mientras que el desfile c\u00edvico-militar ser\u00e1 cancelado, lo anterior en consenso con la Secretar\u00eda de la Defensa Nacional (Sedena), a fin de evitar la concentraci\u00f3n de personas.<\/p>\n\n\n\n<p>En un comunicado, a\u00f1adi\u00f3 adem\u00e1s que con respeto a la autonom\u00eda de los ayuntamientos, exhort\u00f3 a las autoridades y habitantes de todos los municipios del estado a no realizar las festividades en cada una de sus demarcaciones, ya que es fundamental privilegiar la vida y salud de la poblaci\u00f3n.<\/p>\n\n\n\n<figure class=\"wp-block-embed-twitter wp-block-embed is-type-rich is-provider-twitter\"><div class=\"wp-block-embed__wrapper\">\n<div class=\"twitter-tweet\"><blockquote class=\"twitter-tweet\" data-lang=\"es\"><p lang=\"es\" dir=\"ltr\"><a href=\"https:\/\/twitter.com\/hashtag\/%C3%9AltimoMinuto?src=hash&amp;ref_src=twsrc%5Etfw\">#\u00daltimoMinuto<\/a><br>Al anunciar que <a href=\"https:\/\/twitter.com\/hashtag\/Oaxaca?src=hash&amp;ref_src=twsrc%5Etfw\">#Oaxaca<\/a> transita ma\u00f1ana de sem\u00e1foro naranja al amarillo por Covid-19, el gobernador <a href=\"https:\/\/twitter.com\/alejandromurat?ref_src=twsrc%5Etfw\">@alejandromurat<\/a> dio a conocer que se cancela el <a href=\"https:\/\/twitter.com\/hashtag\/desfile?src=hash&amp;ref_src=twsrc%5Etfw\">#desfile<\/a> del 16 de <a href=\"https:\/\/twitter.com\/hashtag\/septiembre?src=hash&amp;ref_src=twsrc%5Etfw\">#septiembre<\/a>, mientras que la ceremonia del Grito de <a href=\"https:\/\/twitter.com\/hashtag\/Independencia?src=hash&amp;ref_src=twsrc%5Etfw\">#Independencia<\/a> ser\u00e1 a puerta cerrada. <a href=\"https:\/\/t.co\/XmesmryAJo\">pic.twitter.com\/XmesmryAJo<\/a><\/p>&mdash; Zona Roja Oaxaca (@MexRoja) <a href=\"https:\/\/twitter.com\/MexRoja\/status\/1300225270637445120?ref_src=twsrc%5Etfw\">31 de agosto de 2020<\/a><\/blockquote><\/div>\n<\/div><\/figure>\n\n\n\n<p>Tambi\u00e9n agradeci\u00f3 el esfuerzo en conjunto que sociedad y gobierno han realizado a trav\u00e9s de campa\u00f1as como el reto \u201c40 d\u00edas por Oaxaca\u201d, que promueve el uso constante y correcto del cubrebocas en espacios p\u00fablicos y al interactuar con otras personas por un periodo de -por lo menos- cuarenta d\u00edas.<\/p>\n\n\n\n<p>Estos esfuerzos, dijo, han permitido mantener estable la ocupaci\u00f3n hospitalaria, disminuir la intensidad de los contagios y, lo m\u00e1s importante, salvar vidas humanas.<\/p>\n\n\n\n<p>Precis\u00f3 que a trav\u00e9s de diversas dependencias encabezadas por los Servicios de Salud de Oaxaca (SSO), ha implementado brigadas de atenci\u00f3n en los municipios con mayor n\u00famero de contagios, mediante las cuales se brinda atenci\u00f3n m\u00e9dica, se realizan pruebas r\u00e1pidas a Covid-19 y se entregan kits de medicamentos b\u00e1sicos y cubrebocas.<\/p>\n\n\n\n<p>Ante la ampliaci\u00f3n de la reactivaci\u00f3n de las actividades econ\u00f3micas propias del color amarillo del Sem\u00e1foro de Riesgo Epidemiol\u00f3gico, el Gobernador recalc\u00f3 que la Covid-19 sigue siendo una enfermedad mortal para la cual no hay cura ni vacuna, por lo que es de vital importancia continuar acatando las medidas de seguridad sanitaria como el lavado de manos y la sana distancia.<\/p>\n","protected":false},"excerpt":{"rendered":"<p>Redacci\u00f3n\/Zona Roja. Oaxaca de Ju\u00e1rez, Oax. 30 de agosto de 2020.- El gobierno de Oaxaca&hellip;<\/p>\n","protected":false},"author":2,"featured_media":16984,"comment_status":"closed","ping_status":"open","sticky":false,"template":"","format":"standard","meta":{"_lmt_disableupdate":"","_lmt_disable":"","_jetpack_memberships_contains_paid_content":false,"footnotes":""},"categories":[109,47],"tags":[1512],"class_list":["post-16983","post","type-post","status-publish","format-standard","has-post-thumbnail","hentry","category-minuto-a-minuto","category-zona-gris","tag-coronavirus-oaxaca"],"jetpack_featured_media_url":"https:\/\/zonaroja.com.mx\/wp-content\/uploads\/2020\/08\/Ciudad-de-Oaxaca-Covid.png","jetpack_sharing_enabled":true,"_links":{"self":[{"href":"https:\/\/zonaroja.com.mx\/index.php?rest_route=\/wp\/v2\/posts\/16983","targetHints":{"allow":["GET"]}}],"collection":[{"href":"https:\/\/zonaroja.com.mx\/index.php?rest_route=\/wp\/v2\/posts"}],"about":[{"href":"https:\/\/zonaroja.com.mx\/index.php?rest_route=\/wp\/v2\/types\/post"}],"author":[{"embeddable":true,"href":"https:\/\/zonaroja.com.mx\/index.php?rest_route=\/wp\/v2\/users\/2"}],"replies":[{"embeddable":true,"href":"https:\/\/zonaroja.com.mx\/index.php?rest_route=%2Fwp%2Fv2%2Fcomments&post=16983"}],"version-history":[{"count":1,"href":"https:\/\/zonaroja.com.mx\/index.php?rest_route=\/wp\/v2\/posts\/16983\/revisions"}],"predecessor-version":[{"id":16985,"href":"https:\/\/zonaroja.com.mx\/index.php?rest_route=\/wp\/v2\/posts\/16983\/revisions\/16985"}],"wp:featuredmedia":[{"embeddable":true,"href":"https:\/\/zonaroja.com.mx\/index.php?rest_route=\/wp\/v2\/media\/16984"}],"wp:attachment":[{"href":"https:\/\/zonaroja.com.mx\/index.php?rest_route=%2Fwp%2Fv2%2Fmedia&parent=16983"}],"wp:term":[{"taxonomy":"category","embeddable":true,"href":"https:\/\/zonaroja.com.mx\/index.php?rest_route=%2Fwp%2Fv2%2Fcategories&post=16983"},{"taxonomy":"post_tag","embeddable":true,"href":"https:\/\/zonaroja.com.mx\/index.php?rest_route=%2Fwp%2Fv2%2Ftags&post=16983"}],"curies":[{"name":"wp","href":"https:\/\/api.w.org\/{rel}","templated":true}]}}