{"id":16994,"date":"2020-08-30T21:53:40","date_gmt":"2020-08-31T02:53:40","guid":{"rendered":"http:\/\/www.zonaroja.com.mx\/?p=16994"},"modified":"2020-08-30T21:53:46","modified_gmt":"2020-08-31T02:53:46","slug":"termina-semaforo-epidemiologico-naranja-en-oaxaca-con-76-casos-de-covid","status":"publish","type":"post","link":"https:\/\/zonaroja.com.mx\/?p=16994","title":{"rendered":"Termina sem\u00e1foro epidemiol\u00f3gico naranja en Oaxaca con 76 casos de Covid"},"content":{"rendered":"\n<p>Redacci\u00f3n\/Zona Roja.<\/p>\n\n\n\n<p>Oaxaca de Ju\u00e1rez, Oax. 30 de agosto de 2020.- El titular de los Servicios de Salud de Oaxaca (SSO), Donato Casas Escamilla, inform\u00f3 que al corte epidemiol\u00f3gico de este 30 de agosto, se han contabilizado 76 casos nuevos a Covid-19, que suman 13 mil 650 acumulados en toda la entidad.<\/p>\n\n\n\n<p>Destac\u00f3 que gracias a la participaci\u00f3n de la poblaci\u00f3n y la estrategia implementada por el gobernador Alejandro Murat Hinojosa del \u201cReto 40 d\u00edas por Oaxaca\u201d, la entidad transita de sem\u00e1foro naranja a amarillo, \u201cpor lo que debemos redoblar esfuerzos utilizando el cubrebocas correctamente en la v\u00eda p\u00fablica, lavarnos las manos de forma permanente, aplicar la sana distancia en espacios p\u00fablicos y si pueden, quedarse en casa\u201d.<\/p>\n\n\n\n<p>Inform\u00f3 que se han notificado 20 mil 210 casos de los cuales cinco mil 917 han sido negativos, hay 643 casos sospechosos en espera de resultados por laboratorio, 11 mil 872 se han recuperado, y sin registro de decesos, por lo que se contabilizan mil 270 defunciones acumuladas.<\/p>\n\n\n\n<p>A\u00f1adi\u00f3 que la Jurisdicci\u00f3n Sanitaria n\u00famero uno Valles Centrales, registra ocho mil 997 casos confirmados y 603 defunciones, Tuxtepec mil 601 y 234 fallecimientos, Istmo mil 400 y 251 defunciones, Mixteca 829 y 80 fallecimientos, Costa 592 y 64 defunciones y la Sierra 231 y 38 fallecimientos.<\/p>\n\n\n\n<p>Sostuvo que de los 76 casos nuevos, se distribuyen en 32 municipios, siendo el que mayor n\u00famero presenta el de Oaxaca de Ju\u00e1rez con 22, Santa Luc\u00eda del Camino, seis; Santa Cruz Xoxocotl\u00e1n, cinco; Villa de Zaachila, San Pablo Etla y Cuilapam de Guerrero tres cada uno; el resto dos y uno.<\/p>\n\n\n\n<figure class=\"wp-block-embed-twitter wp-block-embed is-type-rich is-provider-twitter\"><div class=\"wp-block-embed__wrapper\">\n<div class=\"twitter-tweet\"><blockquote class=\"twitter-tweet\" data-lang=\"es\"><p lang=\"es\" dir=\"ltr\">Avancemos de manera segura hacia la <a href=\"https:\/\/twitter.com\/hashtag\/NuevaNormalidad?src=hash&amp;ref_src=twsrc%5Etfw\">#NuevaNormalidad<\/a>: mant\u00e9n el uso de <a href=\"https:\/\/twitter.com\/hashtag\/Cubrebocas?src=hash&amp;ref_src=twsrc%5Etfw\">#Cubrebocas<\/a>, evita generar aglomeraciones, mant\u00e9n <a href=\"https:\/\/twitter.com\/hashtag\/SanaDistancia?src=hash&amp;ref_src=twsrc%5Etfw\">#SanaDistancia<\/a> y contin\u00faa con el <a href=\"https:\/\/twitter.com\/hashtag\/LavadoDeManos?src=hash&amp;ref_src=twsrc%5Etfw\">#LavadoDeManos<\/a> frecuente. <a href=\"https:\/\/t.co\/2vDQA3KRiW\">pic.twitter.com\/2vDQA3KRiW<\/a><\/p>&mdash; Servicios de Salud (@SSO_GobOax) <a href=\"https:\/\/twitter.com\/SSO_GobOax\/status\/1300240261063221248?ref_src=twsrc%5Etfw\">31 de agosto de 2020<\/a><\/blockquote><\/div>\n<\/div><\/figure>\n\n\n\n<p>De los 13 mil 650 casos confirmados, siete mil 479 son hombres y seis mil 171 son mujeres; dos mil 882 casos han sido hospitalizados y 10 mil 658 han sido ambulatorios.<\/p>\n\n\n\n<p>Casas Escamilla dijo que, de los 508 casos activos, la Jurisdicci\u00f3n Sanitaria n\u00famero uno Valles Centrales, contabiliza 389, siendo los municipios con mayores casos activos: Oaxaca de Ju\u00e1rez con 166, Santa Cruz Xoxocotl\u00e1n con 37, Santa Luc\u00eda del Camino 26, Santa Cruz Amilpas y Cuilapam de Guerrero 12 cada uno; en la Mixteca: Huajuapan de Le\u00f3n 39 y Asunci\u00f3n Nochixtl\u00e1n con cinco; en la Costa 27 activos: Santa Mar\u00eda Huatulco ocho y San Pedro Mixtepec seis activos.&nbsp;<\/p>\n\n\n\n<p>En la Jurisdicci\u00f3n Sanitaria n\u00famero dos con sede en el Istmo se han notificado 19 casos activos, siendo los municipios con la enfermedad en etapa activa: Salina Cruz con 10 casos activos, Juchit\u00e1n de Zaragoza y Santo Domingo Tehuantepec tres cada uno; en la Sierra 13 activos: Tlacolula de Matamoros con seis y San Pablo Villa de Mitla tres; y en Tuxtepec cinco activos: San Juan Bautista Tuxtepec con tres y San Juan Lalana, dos.<\/p>\n\n\n\n<p>Se\u00f1al\u00f3 que el d\u00eda de hoy se registra una ocupaci\u00f3n hospitalaria del 42.7% global, de los cuales el 49.4 es sin ventilador y el 29% con ventilador.<\/p>\n\n\n\n<p>Finalmente, dijo que si presentan s\u00edntomas como fiebre, tos seca, dolor de garganta, cansancio, dolor de cabeza, p\u00e9rdida de olfato o gusto y diarrea, pueden llamar a los tel\u00e9fonos: 800 770 8437, 951 516 8242, 951 516 1220 y 951 297 5741, donde personal m\u00e9dico les indicar\u00e1 de acuerdo a sus s\u00edntomas qu\u00e9 hacer y d\u00f3nde acudir en casos graves, record\u00f3 utilizar el cubrebocas de manera correcta, lavarse las manos y aplicar la sana distancia y si pueden quedarse en casa.<\/p>\n","protected":false},"excerpt":{"rendered":"<p>Redacci\u00f3n\/Zona Roja. Oaxaca de Ju\u00e1rez, Oax. 30 de agosto de 2020.- El titular de los&hellip;<\/p>\n","protected":false},"author":2,"featured_media":16995,"comment_status":"closed","ping_status":"open","sticky":false,"template":"","format":"standard","meta":{"_lmt_disableupdate":"","_lmt_disable":"","_jetpack_memberships_contains_paid_content":false,"footnotes":""},"categories":[109,47],"tags":[1512],"class_list":["post-16994","post","type-post","status-publish","format-standard","has-post-thumbnail","hentry","category-minuto-a-minuto","category-zona-gris","tag-coronavirus-oaxaca"],"jetpack_featured_media_url":"https:\/\/zonaroja.com.mx\/wp-content\/uploads\/2020\/08\/GRAFICA-01.jpeg","jetpack_sharing_enabled":true,"_links":{"self":[{"href":"https:\/\/zonaroja.com.mx\/index.php?rest_route=\/wp\/v2\/posts\/16994","targetHints":{"allow":["GET"]}}],"collection":[{"href":"https:\/\/zonaroja.com.mx\/index.php?rest_route=\/wp\/v2\/posts"}],"about":[{"href":"https:\/\/zonaroja.com.mx\/index.php?rest_route=\/wp\/v2\/types\/post"}],"author":[{"embeddable":true,"href":"https:\/\/zonaroja.com.mx\/index.php?rest_route=\/wp\/v2\/users\/2"}],"replies":[{"embeddable":true,"href":"https:\/\/zonaroja.com.mx\/index.php?rest_route=%2Fwp%2Fv2%2Fcomments&post=16994"}],"version-history":[{"count":1,"href":"https:\/\/zonaroja.com.mx\/index.php?rest_route=\/wp\/v2\/posts\/16994\/revisions"}],"predecessor-version":[{"id":16996,"href":"https:\/\/zonaroja.com.mx\/index.php?rest_route=\/wp\/v2\/posts\/16994\/revisions\/16996"}],"wp:featuredmedia":[{"embeddable":true,"href":"https:\/\/zonaroja.com.mx\/index.php?rest_route=\/wp\/v2\/media\/16995"}],"wp:attachment":[{"href":"https:\/\/zonaroja.com.mx\/index.php?rest_route=%2Fwp%2Fv2%2Fmedia&parent=16994"}],"wp:term":[{"taxonomy":"category","embeddable":true,"href":"https:\/\/zonaroja.com.mx\/index.php?rest_route=%2Fwp%2Fv2%2Fcategories&post=16994"},{"taxonomy":"post_tag","embeddable":true,"href":"https:\/\/zonaroja.com.mx\/index.php?rest_route=%2Fwp%2Fv2%2Ftags&post=16994"}],"curies":[{"name":"wp","href":"https:\/\/api.w.org\/{rel}","templated":true}]}}