{"id":16998,"date":"2020-08-31T07:34:18","date_gmt":"2020-08-31T12:34:18","guid":{"rendered":"http:\/\/www.zonaroja.com.mx\/?p=16998"},"modified":"2020-08-31T07:34:22","modified_gmt":"2020-08-31T12:34:22","slug":"llega-protesta-educativa-de-oaxaquenos-al-palacio-nacional-en-la-cdmx","status":"publish","type":"post","link":"https:\/\/zonaroja.com.mx\/?p=16998","title":{"rendered":"Llega protesta educativa de oaxaque\u00f1os al Palacio Nacional, en la Cdmx"},"content":{"rendered":"\n<p>Redacci\u00f3n\/Zona Roja.<\/p>\n\n\n\n<p>Oaxaca de Ju\u00e1rez, Oax., 31 de agosto de 2020.- Profesores sindicalizados del Colegio Nacional de Educaci\u00f3n Profesional (Conalep) protestan desde la madrugada de este lunes afuera de Palacio Nacional, en la Ciudad de M\u00e9xico.<\/p>\n\n\n\n<p>De acuerdo con secretario General del Sindicato \u00danico de Trabajadores &nbsp;del Conalep (SUTCEO), Marcos Vera Esquipulas, buscan una atenci\u00f3n del gobierno de Andr\u00e9s Manuel L\u00f3pez Obrador respuestas y soluciones a sus demandas, las cuales no han sido atendidas por las autoridades correspondientes.<\/p>\n\n\n\n<p>Seg\u00fan un comunicado, los maestros de dicha instituci\u00f3n laboran sin seguridad social y actualmente existen maestros con m\u00e1s de 30 a\u00f1os de servicio sin la posibilidad de retiro. Las autoridades y directivos del Conalep dirigido por Enrique Ku Herrera no han podido atender y dar soluci\u00f3n a los maestros oaxaque\u00f1os, acusaron.<\/p>\n\n\n\n<figure class=\"wp-block-image size-large\"><img decoding=\"async\" width=\"1024\" height=\"768\" src=\"http:\/\/www.zonaroja.com.mx\/wp-content\/uploads\/2020\/08\/Protesta-Conalep-2-1024x768.jpeg\" alt=\"\" class=\"wp-image-17000\" srcset=\"https:\/\/zonaroja.com.mx\/wp-content\/uploads\/2020\/08\/Protesta-Conalep-2-1024x768.jpeg 1024w, https:\/\/zonaroja.com.mx\/wp-content\/uploads\/2020\/08\/Protesta-Conalep-2-300x225.jpeg 300w, https:\/\/zonaroja.com.mx\/wp-content\/uploads\/2020\/08\/Protesta-Conalep-2-768x576.jpeg 768w, https:\/\/zonaroja.com.mx\/wp-content\/uploads\/2020\/08\/Protesta-Conalep-2-1170x878.jpeg 1170w, https:\/\/zonaroja.com.mx\/wp-content\/uploads\/2020\/08\/Protesta-Conalep-2-585x439.jpeg 585w, https:\/\/zonaroja.com.mx\/wp-content\/uploads\/2020\/08\/Protesta-Conalep-2.jpeg 1280w\" sizes=\"(max-width: 1024px) 100vw, 1024px\" \/><\/figure>\n\n\n\n<p>Han demandado ante las instancias correspondientes tener acceso a un retiro y se le reconozca su antig\u00fcedad, \u201cpero las autoridades simplemente dicen que no hay dinero\u201d. Actualmente los profesores se encuentran&nbsp; en&nbsp; estado de indefensi\u00f3n, a pesar de tener laudos laborales favorables.<\/p>\n\n\n\n<p>Este 31 de agosto, acompa\u00f1ados de profesores de los Telebachilleratos Comunitarios de Oaxaca, se movilizan en la Ciudad de M\u00e9xico con la finalidad de buscar una audiencia con el Presidente Andr\u00e9s Manuel L\u00f3pez Obrador y el titular de la SEP, Esteban Moctezuma Barrag\u00e1n.<\/p>\n\n\n\n<p>A su vez, piden la intervenci\u00f3n del gobernador Alejandro Murat Hinojosa para que puedan llegar acuerdos con la federaci\u00f3n y no dejar sin clases a m\u00e1s de siete mil estudiantes en el estado.<\/p>\n","protected":false},"excerpt":{"rendered":"<p>Redacci\u00f3n\/Zona Roja. Oaxaca de Ju\u00e1rez, Oax., 31 de agosto de 2020.- Profesores sindicalizados del Colegio&hellip;<\/p>\n","protected":false},"author":2,"featured_media":16999,"comment_status":"closed","ping_status":"open","sticky":false,"template":"","format":"standard","meta":{"_lmt_disableupdate":"","_lmt_disable":"","_jetpack_memberships_contains_paid_content":false,"footnotes":""},"categories":[109,47],"tags":[1763],"class_list":["post-16998","post","type-post","status-publish","format-standard","has-post-thumbnail","hentry","category-minuto-a-minuto","category-zona-gris","tag-colegio-nacional-de-educacion-profesional-conalep"],"jetpack_featured_media_url":"https:\/\/zonaroja.com.mx\/wp-content\/uploads\/2020\/08\/Protesta-Conalep-1.jpeg","jetpack_sharing_enabled":true,"_links":{"self":[{"href":"https:\/\/zonaroja.com.mx\/index.php?rest_route=\/wp\/v2\/posts\/16998","targetHints":{"allow":["GET"]}}],"collection":[{"href":"https:\/\/zonaroja.com.mx\/index.php?rest_route=\/wp\/v2\/posts"}],"about":[{"href":"https:\/\/zonaroja.com.mx\/index.php?rest_route=\/wp\/v2\/types\/post"}],"author":[{"embeddable":true,"href":"https:\/\/zonaroja.com.mx\/index.php?rest_route=\/wp\/v2\/users\/2"}],"replies":[{"embeddable":true,"href":"https:\/\/zonaroja.com.mx\/index.php?rest_route=%2Fwp%2Fv2%2Fcomments&post=16998"}],"version-history":[{"count":1,"href":"https:\/\/zonaroja.com.mx\/index.php?rest_route=\/wp\/v2\/posts\/16998\/revisions"}],"predecessor-version":[{"id":17001,"href":"https:\/\/zonaroja.com.mx\/index.php?rest_route=\/wp\/v2\/posts\/16998\/revisions\/17001"}],"wp:featuredmedia":[{"embeddable":true,"href":"https:\/\/zonaroja.com.mx\/index.php?rest_route=\/wp\/v2\/media\/16999"}],"wp:attachment":[{"href":"https:\/\/zonaroja.com.mx\/index.php?rest_route=%2Fwp%2Fv2%2Fmedia&parent=16998"}],"wp:term":[{"taxonomy":"category","embeddable":true,"href":"https:\/\/zonaroja.com.mx\/index.php?rest_route=%2Fwp%2Fv2%2Fcategories&post=16998"},{"taxonomy":"post_tag","embeddable":true,"href":"https:\/\/zonaroja.com.mx\/index.php?rest_route=%2Fwp%2Fv2%2Ftags&post=16998"}],"curies":[{"name":"wp","href":"https:\/\/api.w.org\/{rel}","templated":true}]}}