{"id":17008,"date":"2020-08-31T10:36:11","date_gmt":"2020-08-31T15:36:11","guid":{"rendered":"http:\/\/www.zonaroja.com.mx\/?p=17008"},"modified":"2020-08-31T11:27:38","modified_gmt":"2020-08-31T16:27:38","slug":"mi-hija-no-se-mato-la-mataron-madre-de-alma-hilda","status":"publish","type":"post","link":"https:\/\/zonaroja.com.mx\/?p=17008","title":{"rendered":"\u201cMi hija no se mat\u00f3, la mataron\u201d: madre de Alma Hilda"},"content":{"rendered":"\n<p>Evlin Arag\u00f3n\/Zona Roja.<\/p>\n\n\n\n<p>\u201c\u00a1Ay\u00fadame mam\u00e1 me est\u00e1n matando!\u201d, se escuch\u00f3 en el tel\u00e9fono de do\u00f1a Mar\u00eda del Rosario Jim\u00e9nez, quien previamente contest\u00f3 una llamada telef\u00f3nica en la que un hombre le dec\u00eda que si quer\u00eda saber de su hija, deb\u00eda acudir al centro de trabajo de la joven mujer, y despu\u00e9s colg\u00f3 la comunicaci\u00f3n.&nbsp;<\/p>\n\n\n\n<p>El cuerpo de Alma Hilda J. de D., fue encontrado al interior de la Escuela Preparatoria por Cooperaci\u00f3n \u201cJusto Sierra\u201d en el municipio de Mat\u00edas Romero Avenda\u00f1o, en la regi\u00f3n del Istmo, donde se desempe\u00f1aba como prefecta. La versi\u00f3n oficial refiri\u00f3 el suicido de la mujer. <\/p>\n\n\n\n<p>Con l\u00e1grimas en los ojos y una evidente complicaci\u00f3n para hablar debido al llanto, Mar\u00eda del Rosario asegur\u00f3 que su hija no se mat\u00f3 y que alguien le hizo da\u00f1o, raz\u00f3n por la que pidi\u00f3 ayuda y respaldo en su exigencia de justicia. Lo hizo a las afueras de la escuela que d\u00edas antes se ti\u00f1o de rojo con la muerte de la mujer.<\/p>\n\n\n\n<p>De origen humilde, do\u00f1a Mary repiti\u00f3 en constantes ocasiones que su hija no se mat\u00f3, que la mataron e hicieron pasar los hechos como suicidio.<\/p>\n\n\n\n<p>Prueba de ello, la llamada que recibi\u00f3 a su tel\u00e9fono celular en donde escuch\u00f3 por \u00faltima vez la voz de Alma pidiendo ayuda, mientras que alguien m\u00e1s, un var\u00f3n le ped\u00eda acudir a la escuela preparatoria si quer\u00eda saber de su hija.<\/p>\n\n\n\n<p>Explic\u00f3 que Alma era una madre soltera que en ocasiones anteriores ya se hab\u00eda enfrentado a la dura tarea de sacar adelante a su familia y siempre lo hizo con mucha fortaleza y empe\u00f1o, raz\u00f3n por la que duda categ\u00f3ricamente del suicidio.<\/p>\n\n\n\n<p>\u201cMi hija luchaba por salir adelante, por darles lo mejor a sus tres hijos, hasta estaba planeando el festejo de 15 a\u00f1os de su hija mayor. Ella trabaja todo el tiempo y lo \u00fanico que quer\u00eda era tener una vida mejor\u201d, relato la madre de la joven y abuela de tres menores que se han quedado en la orfandad.&nbsp;&nbsp;&nbsp;<\/p>\n\n\n\n<figure class=\"wp-block-embed-twitter wp-block-embed is-type-rich is-provider-twitter\"><div class=\"wp-block-embed__wrapper\">\n<div class=\"twitter-tweet\"><blockquote class=\"twitter-tweet\" data-lang=\"es\"><p lang=\"es\" dir=\"ltr\"><a href=\"https:\/\/twitter.com\/hashtag\/FeminicidiosEmergenciaNacional?src=hash&amp;ref_src=twsrc%5Etfw\">#FeminicidiosEmergenciaNacional<\/a><br>La angustia de do\u00f1a Mar\u00eda del Rosario: su hija no muri\u00f3 por suicidio, la asesinaron, dice. <br>Alma fue hallada colgada en el interior de una escuela en <a href=\"https:\/\/twitter.com\/hashtag\/Mat%C3%ADas?src=hash&amp;ref_src=twsrc%5Etfw\">#Mat\u00edas<\/a> Romero, <a href=\"https:\/\/twitter.com\/hashtag\/Oaxaca?src=hash&amp;ref_src=twsrc%5Etfw\">#Oaxaca<\/a>; la madre dice que fue feminicidio y exige investigaci\u00f3n. <br>Video: Cortes\u00eda <a href=\"https:\/\/t.co\/aBZIetbjuT\">pic.twitter.com\/aBZIetbjuT<\/a><\/p>&mdash; Zona Roja Oaxaca (@MexRoja) <a href=\"https:\/\/twitter.com\/MexRoja\/status\/1300186383223369728?ref_src=twsrc%5Etfw\">30 de agosto de 2020<\/a><\/blockquote><\/div>\n<\/div><\/figure>\n\n\n\n<p>Yo quiero que se haga justicia porque ella no se mat\u00f3. Esto fue un homicidio, mataron a mi hija y la colgaron despu\u00e9s de muerta. Yo no estoy conforme porque mi hija no se mat\u00f3. Quiero que se investigue claramente\u201d, dijo a su vez el padre de la joven, Andr\u00e9s Jim\u00e9nez, que tambi\u00e9n hizo presencia en la peque\u00f1a protesta para hacer justicia.&nbsp;<\/p>\n\n\n\n<p>Tanto la madre como el padre de la joven aseguraron que su hija no ten\u00eda problemas con nadie, que hace unos d\u00edas le hab\u00edan prestado un cuarto al interior de la escuela para quedarse junto con su hija mayor y que hasta este fin de semana no aparecen sus pertenencias, ni su tel\u00e9fono, situaci\u00f3n que les hace confirmar cada vez su teor\u00eda de que se trat\u00f3 de un feminicidio y no un suicidio.&nbsp;<\/p>\n\n\n\n<p>&nbsp;\u201cAy\u00fadenme, no me dejen sola. Yo lo que quiero es justicia para Alma y que se compruebe que mi hija no se mat\u00f3, que ella le hicieron da\u00f1o y queremos saber qui\u00e9n fue\u201d, concluy\u00f3 en medio del llanto.&nbsp;<\/p>\n\n\n\n<p>\u201cNo se vale, ella quer\u00eda salir adelante. De hecho, acaba de presentar el examen para la universidad, no ten\u00eda motivos para matarse, sabemos de una persona con la manten\u00eda una relaci\u00f3n aqu\u00ed en la escuela, pero de esa investigaci\u00f3n se van a encargar las autoridades\u201d, dijo Luz Raquel Arreola, prima de la v\u00edctima&nbsp;<\/p>\n\n\n\n<p>As\u00ed mismo refiri\u00f3 que hay testigos que detallan que Alma discuti\u00f3 con dos personas a las afueras de la escuela, lo que confirma su teor\u00eda de que alguien le hizo da\u00f1o y trato de hacer pasar el hecho como suicidio.&nbsp;&nbsp;<\/p>\n\n\n\n<p>\u201cQueremos justicia para Alma, por los ni\u00f1os tambi\u00e9n porque ellos fueron lo que se quedaron sin mam\u00e1 y porque no es justo lo que paso\u201d, finaliz\u00f3.<\/p>\n\n\n\n<p>A pesar del dolor, la familia tiene que enfrentarse a la insensibilidad de la burocracia al interior de la Fiscal\u00eda General de Justicia, cuyo personal no labora en fin de semana y ser\u00e1 hasta este lunes que recibir\u00e1n el acta defunci\u00f3n con los resultados de la autopsia, pese a que los hechos se registraron desde el jueves pasado.<\/p>\n","protected":false},"excerpt":{"rendered":"<p>Evlin Arag\u00f3n\/Zona Roja. \u201c\u00a1Ay\u00fadame mam\u00e1 me est\u00e1n matando!\u201d, se escuch\u00f3 en el tel\u00e9fono de do\u00f1a&hellip;<\/p>\n","protected":false},"author":2,"featured_media":17009,"comment_status":"closed","ping_status":"open","sticky":false,"template":"","format":"standard","meta":{"_lmt_disableupdate":"","_lmt_disable":"","_jetpack_memberships_contains_paid_content":false,"footnotes":""},"categories":[109,51],"tags":[1972,228],"class_list":["post-17008","post","type-post","status-publish","format-standard","has-post-thumbnail","hentry","category-minuto-a-minuto","category-zona-roja","tag-alma-hilda-j-de-d","tag-matias-romero-avendano"],"jetpack_featured_media_url":"https:\/\/zonaroja.com.mx\/wp-content\/uploads\/2020\/08\/Alma-Matias-Romero.jpg","jetpack_sharing_enabled":true,"_links":{"self":[{"href":"https:\/\/zonaroja.com.mx\/index.php?rest_route=\/wp\/v2\/posts\/17008","targetHints":{"allow":["GET"]}}],"collection":[{"href":"https:\/\/zonaroja.com.mx\/index.php?rest_route=\/wp\/v2\/posts"}],"about":[{"href":"https:\/\/zonaroja.com.mx\/index.php?rest_route=\/wp\/v2\/types\/post"}],"author":[{"embeddable":true,"href":"https:\/\/zonaroja.com.mx\/index.php?rest_route=\/wp\/v2\/users\/2"}],"replies":[{"embeddable":true,"href":"https:\/\/zonaroja.com.mx\/index.php?rest_route=%2Fwp%2Fv2%2Fcomments&post=17008"}],"version-history":[{"count":2,"href":"https:\/\/zonaroja.com.mx\/index.php?rest_route=\/wp\/v2\/posts\/17008\/revisions"}],"predecessor-version":[{"id":17013,"href":"https:\/\/zonaroja.com.mx\/index.php?rest_route=\/wp\/v2\/posts\/17008\/revisions\/17013"}],"wp:featuredmedia":[{"embeddable":true,"href":"https:\/\/zonaroja.com.mx\/index.php?rest_route=\/wp\/v2\/media\/17009"}],"wp:attachment":[{"href":"https:\/\/zonaroja.com.mx\/index.php?rest_route=%2Fwp%2Fv2%2Fmedia&parent=17008"}],"wp:term":[{"taxonomy":"category","embeddable":true,"href":"https:\/\/zonaroja.com.mx\/index.php?rest_route=%2Fwp%2Fv2%2Fcategories&post=17008"},{"taxonomy":"post_tag","embeddable":true,"href":"https:\/\/zonaroja.com.mx\/index.php?rest_route=%2Fwp%2Fv2%2Ftags&post=17008"}],"curies":[{"name":"wp","href":"https:\/\/api.w.org\/{rel}","templated":true}]}}