{"id":1701,"date":"2019-06-19T18:48:14","date_gmt":"2019-06-19T23:48:14","guid":{"rendered":"http:\/\/www.zonaroja.com.mx\/?p=1701"},"modified":"2019-06-19T18:48:17","modified_gmt":"2019-06-19T23:48:17","slug":"ex-presidenta-de-zaachila-puso-como-director-a-su-pariente-en-universidad-de-amlo","status":"publish","type":"post","link":"https:\/\/zonaroja.com.mx\/?p=1701","title":{"rendered":"Ex presidenta de Zaachila puso como director a su pariente en universidad de AMLO"},"content":{"rendered":"\n<p>Redacci\u00f3n<\/p>\n\n\n\n<p>Oaxaca de\nJu\u00e1rez, Oax., 19 de junio de 2019.- Estudiantes de la Escuela Universitaria de\nAgronom\u00eda y Agricultura de la Villa de Zaachila, instituci\u00f3n que promueve el\npresidente Andr\u00e9s Manuel L\u00f3pezObrador, exigieron la salida inmediata del\ncoordinador del plantel Rafael P\u00e9rez Pacheco.<\/p>\n\n\n\n<p>Lo anterior\ndebido a diversas agresiones f\u00edsicas y psicol\u00f3gicas que ha efectuado, adem\u00e1s de\ncondicionar las calificaciones en beneficio de sus intereses pol\u00edticos.<\/p>\n\n\n\n<p>El pasado\nlunes la queja fue presentada de manera oficial en las oficinas de la Comisi\u00f3n\nAcad\u00e9mica de las Universidades para el Bienestar \u201cBenito Ju\u00e1rez Garc\u00eda\u201d\nubicadas en P\u00e1tzcuaro, Michoac\u00e1n, hasta donde se traslad\u00f3 una comisi\u00f3n de\nestudiantes inconformes.<\/p>\n\n\n\n<p>En\nconferencia en el z\u00f3calo de Oaxaca, explicaron que desde un inicio el actual\ncoordinador fue considerado para el cargo debido al parentesco que mantiene con\nla ex presidenta municipal de la localidad, Maricela Mart\u00ednez Coronel, pese a\nque ya exist\u00edan denuncias de su falta de \u00e9tica profesional y moral por diversos\nabusos que cometi\u00f3 como director del Centro Interdisciplinario de Investigaci\u00f3n\npara el Desarrollo Integral Regional (CIDIR).<\/p>\n\n\n\n<p>As\u00ed mismo,\ndenunciaron su ausencia y falta de compromiso con el proyecto implementado a\nnivel nacional en beneficio de los j\u00f3venes de escasos recursos que buscan\ncontinuar con sus estudios, a la par que lo acusaron de nepotismo e\ninfluyentismo, contribuyendo a la corrupci\u00f3n que tanto se busca abatir.<\/p>\n\n\n\n<p>\u201cHa\ncontratado para la impartici\u00f3n de clases a personas que en alg\u00fan momento fueron\nsus alumnos o lo siguen siendo, as\u00ed como a las sobrinas del diputado Horacio\nSosa Villavicencio, como pago de favores\u201d, manifestaron.<\/p>\n\n\n\n<p>Finalmente\nacusaron a Rafael P\u00e9rez de abuso de confianza en contra de los \u00faltimos\nhablantes de zapotecos en Zaachila, a quienes enga\u00f1\u00f3 y se apoder\u00f3 de sus\nmateriales sin ning\u00fan tipo de autorizaci\u00f3n, raz\u00f3n por la que insistieron en la\nsalida inmediata de qui\u00e9n hoy se ostenta como responsable de la instituci\u00f3n\neducativa.<\/p>\n","protected":false},"excerpt":{"rendered":"<p>Redacci\u00f3n Oaxaca de Ju\u00e1rez, Oax., 19 de junio de 2019.- Estudiantes de la Escuela Universitaria&hellip;<\/p>\n","protected":false},"author":2,"featured_media":1702,"comment_status":"closed","ping_status":"open","sticky":false,"template":"","format":"standard","meta":{"_lmt_disableupdate":"","_lmt_disable":"","_jetpack_memberships_contains_paid_content":false,"footnotes":""},"categories":[109,47],"tags":[153,143,154,155],"class_list":["post-1701","post","type-post","status-publish","format-standard","has-post-thumbnail","hentry","category-minuto-a-minuto","category-zona-gris","tag-amlo","tag-andres-manuel-lopez-obrador","tag-universidad-bienestar","tag-villa-de-zaachila"],"jetpack_featured_media_url":"https:\/\/zonaroja.com.mx\/wp-content\/uploads\/2019\/06\/63deee7a-7f3d-4ada-b2d1-664ebd7ef22d.jpg","jetpack_sharing_enabled":true,"_links":{"self":[{"href":"https:\/\/zonaroja.com.mx\/index.php?rest_route=\/wp\/v2\/posts\/1701","targetHints":{"allow":["GET"]}}],"collection":[{"href":"https:\/\/zonaroja.com.mx\/index.php?rest_route=\/wp\/v2\/posts"}],"about":[{"href":"https:\/\/zonaroja.com.mx\/index.php?rest_route=\/wp\/v2\/types\/post"}],"author":[{"embeddable":true,"href":"https:\/\/zonaroja.com.mx\/index.php?rest_route=\/wp\/v2\/users\/2"}],"replies":[{"embeddable":true,"href":"https:\/\/zonaroja.com.mx\/index.php?rest_route=%2Fwp%2Fv2%2Fcomments&post=1701"}],"version-history":[{"count":1,"href":"https:\/\/zonaroja.com.mx\/index.php?rest_route=\/wp\/v2\/posts\/1701\/revisions"}],"predecessor-version":[{"id":1703,"href":"https:\/\/zonaroja.com.mx\/index.php?rest_route=\/wp\/v2\/posts\/1701\/revisions\/1703"}],"wp:featuredmedia":[{"embeddable":true,"href":"https:\/\/zonaroja.com.mx\/index.php?rest_route=\/wp\/v2\/media\/1702"}],"wp:attachment":[{"href":"https:\/\/zonaroja.com.mx\/index.php?rest_route=%2Fwp%2Fv2%2Fmedia&parent=1701"}],"wp:term":[{"taxonomy":"category","embeddable":true,"href":"https:\/\/zonaroja.com.mx\/index.php?rest_route=%2Fwp%2Fv2%2Fcategories&post=1701"},{"taxonomy":"post_tag","embeddable":true,"href":"https:\/\/zonaroja.com.mx\/index.php?rest_route=%2Fwp%2Fv2%2Ftags&post=1701"}],"curies":[{"name":"wp","href":"https:\/\/api.w.org\/{rel}","templated":true}]}}