{"id":17011,"date":"2020-08-31T10:47:58","date_gmt":"2020-08-31T15:47:58","guid":{"rendered":"http:\/\/www.zonaroja.com.mx\/?p=17011"},"modified":"2020-08-31T10:48:04","modified_gmt":"2020-08-31T15:48:04","slug":"y-la-sindica-de-huitzo-congreso-formalizo-su-sustitucion-tras-crimen-de-jaziel","status":"publish","type":"post","link":"https:\/\/zonaroja.com.mx\/?p=17011","title":{"rendered":"\u00bfY la s\u00edndica de Huitzo? Congreso formaliz\u00f3 su sustituci\u00f3n, tras crimen de Jaziel"},"content":{"rendered":"\n<p>Yuridiana Sosa\/Zona Roja.<\/p>\n\n\n\n<p>Oaxaca de Ju\u00e1rez, Oax., 31 de agosto de 2020.- La 64 Legislatura de Oaxaca decret\u00f3 procedente la renuncia de la S\u00edndico Procuradora Hacendaria de San Pablo Huitzo, Martha Isabel Hern\u00e1ndez Hern\u00e1ndez, quien presuntamente est\u00e1 involucrada como en la muerte de un joven en su comunidad y agresiones a otro m\u00e1s.<\/p>\n\n\n\n<p>Los diputados de la Comisi\u00f3n Permanente de Gobernaci\u00f3n y Asuntos Agrarios avalaron el dictamen con proyecto de decreto para oficializar el relevo de la funcionaria, quien desde el 1 de julio present\u00f3 su renuncia por escrito.<\/p>\n\n\n\n<p>En el proceso se determin\u00f3 que Catrina Matus Anaya es quien suma el cargo que dej\u00f3 Hern\u00e1ndez Hern\u00e1ndez, tres meses despu\u00e9s de los hechos en los que tambi\u00e9n se se\u00f1ala la participaci\u00f3n de otros cuatro elementos de la Polic\u00eda Municipal.<\/p>\n\n\n\n<p>El pasado 6 y 7 de mayo los dos hermanos, residentes de la San Pablo Huitzo, Juan Jaziel y Diego Luna Paz, recibieron una brutal golpiza por integrantes de la Polic\u00eda Municipal, de la que no sobrevivi\u00f3 Diego de 20 a\u00f1os de edad.<\/p>\n\n\n\n<p>De acuerdo con Jaziel, la noche del 6 de mayo, mientras caminaban por el centro de la poblaci\u00f3n, fueron privados de su libertad sin motivos por parte de la Polic\u00eda Municipal, para despu\u00e9s ser trasladados a la sindicatura donde Martha Hern\u00e1ndez orden\u00f3 la agresi\u00f3n que se llev\u00f3 a cabo en la madrugada del 7 de mayo en un paraje a la salida de la comunidad.<\/p>\n\n\n\n<p>La ex funcionaria, seg\u00fan vecinos de Huitzo, abandon\u00f3 la poblaci\u00f3n tras su renuncia, mientras que uno de los ex polic\u00edas fue detenido el pasado 19 de junio en Veracruz.<\/p>\n\n\n\n<p>Supuestamente ella habr\u00eda dado la orden de que los polic\u00edas se llevaran a los j\u00f3venes y los golpearan, en lugar de entregarlos al Ministerio P\u00fablico de la Fiscal\u00eda General del Estado de Oaxaca. De acuerdo con diversas fuente, el ex rector de la UABJO, Eduardo Mart\u00ednez Helmes, hab\u00eda abogado por ella ante la Fiscal\u00eda; no obstante, al parecer la S\u00edndico huy\u00f3 hacia los Estados Unidos de Norteam\u00e9rica.<\/p>\n","protected":false},"excerpt":{"rendered":"<p>Yuridiana Sosa\/Zona Roja. Oaxaca de Ju\u00e1rez, Oax., 31 de agosto de 2020.- La 64 Legislatura&hellip;<\/p>\n","protected":false},"author":2,"featured_media":13586,"comment_status":"closed","ping_status":"open","sticky":false,"template":"","format":"standard","meta":{"_lmt_disableupdate":"","_lmt_disable":"","_jetpack_memberships_contains_paid_content":false,"footnotes":""},"categories":[109,47],"tags":[1744],"class_list":["post-17011","post","type-post","status-publish","format-standard","has-post-thumbnail","hentry","category-minuto-a-minuto","category-zona-gris","tag-san-pablo-villa-de-huitzo"],"jetpack_featured_media_url":"https:\/\/zonaroja.com.mx\/wp-content\/uploads\/2020\/06\/Joven-asesinado-Huitzo.jpg","jetpack_sharing_enabled":true,"_links":{"self":[{"href":"https:\/\/zonaroja.com.mx\/index.php?rest_route=\/wp\/v2\/posts\/17011","targetHints":{"allow":["GET"]}}],"collection":[{"href":"https:\/\/zonaroja.com.mx\/index.php?rest_route=\/wp\/v2\/posts"}],"about":[{"href":"https:\/\/zonaroja.com.mx\/index.php?rest_route=\/wp\/v2\/types\/post"}],"author":[{"embeddable":true,"href":"https:\/\/zonaroja.com.mx\/index.php?rest_route=\/wp\/v2\/users\/2"}],"replies":[{"embeddable":true,"href":"https:\/\/zonaroja.com.mx\/index.php?rest_route=%2Fwp%2Fv2%2Fcomments&post=17011"}],"version-history":[{"count":1,"href":"https:\/\/zonaroja.com.mx\/index.php?rest_route=\/wp\/v2\/posts\/17011\/revisions"}],"predecessor-version":[{"id":17012,"href":"https:\/\/zonaroja.com.mx\/index.php?rest_route=\/wp\/v2\/posts\/17011\/revisions\/17012"}],"wp:featuredmedia":[{"embeddable":true,"href":"https:\/\/zonaroja.com.mx\/index.php?rest_route=\/wp\/v2\/media\/13586"}],"wp:attachment":[{"href":"https:\/\/zonaroja.com.mx\/index.php?rest_route=%2Fwp%2Fv2%2Fmedia&parent=17011"}],"wp:term":[{"taxonomy":"category","embeddable":true,"href":"https:\/\/zonaroja.com.mx\/index.php?rest_route=%2Fwp%2Fv2%2Fcategories&post=17011"},{"taxonomy":"post_tag","embeddable":true,"href":"https:\/\/zonaroja.com.mx\/index.php?rest_route=%2Fwp%2Fv2%2Ftags&post=17011"}],"curies":[{"name":"wp","href":"https:\/\/api.w.org\/{rel}","templated":true}]}}