{"id":17015,"date":"2020-08-31T12:40:44","date_gmt":"2020-08-31T17:40:44","guid":{"rendered":"https:\/\/www.zonaroja.com.mx\/?p=17015"},"modified":"2020-08-31T12:40:46","modified_gmt":"2020-08-31T17:40:46","slug":"otro-decapitado-en-matias-romero-y-tres-lesionados-de-bala-en-juchitan","status":"publish","type":"post","link":"https:\/\/zonaroja.com.mx\/?p=17015","title":{"rendered":"Otro decapitado en Mat\u00edas Romero y tres lesionados de bala en Juchit\u00e1n"},"content":{"rendered":"\n<p class=\"MsoNormal\">Yuridiana Sosa \/ Zona Roja.<\/p>\n\n\n\n<p class=\"MsoNormal\">Oaxaca de Ju\u00e1rez, Oax., 31 de agosto de 2020.- Los hechos violentos contin\u00faan en la regi\u00f3n del Istmo de Oaxaca, donde durante la ma\u00f1ana de <a href=\"\/\/2\">este lunes<\/a>se registr\u00f3 un ataque armado tras una ri\u00f1a en Juchit\u00e1n, y la localizaci\u00f3n de una cabeza humana en Mat\u00edas Romero.<\/p>\n\n\n\n<p class=\"MsoNormal\">De acuerdo con el reporte policial, en Juchit\u00e1n de Zaragoza, tres hombres resultaron lesionados con disparos de armas de fuego tras un pleito en inmediaciones de la colonia <a href=\"\/\/3\">21 de Marzo<\/a>, a menos de medio kil\u00f3metro de donde se instal\u00f3 un bloqueo por transportistas.<\/p>\n\n\n\n<p class=\"MsoNormal\">Cerca <a href=\"\/\/4\">de las 9:30<\/a> horas se recibi\u00f3 el reporte sobre la detonaci\u00f3n de armas de fuego en ese sitio, donde se constat\u00f3 que un grupo de cinco personas fue atacado a balazos por sujetos que discut\u00edan, mientras se encontraban en un establecimiento ubicado al costado de la carretera Juchit\u00e1n- Playa Vicente.<\/p>\n\n\n\n<p class=\"MsoNormal\">Entre los lesionadas fueron identificados Isaac Orlando L. S., de 29 a\u00f1os de edad, y Miguel M., de 22 a\u00f1os de edad, quienes junto con otro herido fueron trasladados a un hospital para su atenci\u00f3n m\u00e9dica.<\/p>\n\n\n\n<p class=\"MsoNormal\">En el lugar, la Polic\u00eda Municipal y Estatal iniciaron un operativo de vigilancia para tratar de ubicar a los responsables del hecho.<\/p>\n\n\n\n<p class=\"MsoNormal\">Por otra parte, en el municipio de Mat\u00edas Romero de Avenda\u00f1o, de la misma regi\u00f3n del estado, elementos policiales localizaron la ma\u00f1ana de hoy una bolsa negra presuntamente con restos humanos.<\/p>\n\n\n\n<p class=\"MsoNormal\">El reporte policial inform\u00f3 que se trata de una cabeza, el cual fue depositado en una bolsa de pl\u00e1stico en la colonia Los Robles, al oriente de Mat\u00edas Romero. Hasta el momento no ha sido localizado el resto del cuerpo.<\/p>\n\n\n\n<p>Cabe recordar que ayer por la madrugada fue localizado un cuerpo totalmente desmembrado a la entrada de Mat\u00edas Romero, junto al monumento \u201cEl Trenecito\u201d; por la noche se localiz\u00f3 otra cabeza, a la altura del crucero a la localidad de Palomares.<\/p>\n","protected":false},"excerpt":{"rendered":"<p>Yuridiana Sosa \/ Zona Roja. Oaxaca de Ju\u00e1rez, Oax., 31 de agosto de 2020.- Los&hellip;<\/p>\n","protected":false},"author":2,"featured_media":17014,"comment_status":"closed","ping_status":"open","sticky":false,"template":"","format":"standard","meta":{"_lmt_disableupdate":"","_lmt_disable":"","_jetpack_memberships_contains_paid_content":false,"footnotes":""},"categories":[109,51],"tags":[228],"class_list":["post-17015","post","type-post","status-publish","format-standard","has-post-thumbnail","hentry","category-minuto-a-minuto","category-zona-roja","tag-matias-romero-avendano"],"jetpack_featured_media_url":"https:\/\/zonaroja.com.mx\/wp-content\/uploads\/2020\/08\/ac31c0be-037d-478d-ba03-b9c2c65bb902.jpg","jetpack_sharing_enabled":true,"_links":{"self":[{"href":"https:\/\/zonaroja.com.mx\/index.php?rest_route=\/wp\/v2\/posts\/17015","targetHints":{"allow":["GET"]}}],"collection":[{"href":"https:\/\/zonaroja.com.mx\/index.php?rest_route=\/wp\/v2\/posts"}],"about":[{"href":"https:\/\/zonaroja.com.mx\/index.php?rest_route=\/wp\/v2\/types\/post"}],"author":[{"embeddable":true,"href":"https:\/\/zonaroja.com.mx\/index.php?rest_route=\/wp\/v2\/users\/2"}],"replies":[{"embeddable":true,"href":"https:\/\/zonaroja.com.mx\/index.php?rest_route=%2Fwp%2Fv2%2Fcomments&post=17015"}],"version-history":[{"count":1,"href":"https:\/\/zonaroja.com.mx\/index.php?rest_route=\/wp\/v2\/posts\/17015\/revisions"}],"predecessor-version":[{"id":17016,"href":"https:\/\/zonaroja.com.mx\/index.php?rest_route=\/wp\/v2\/posts\/17015\/revisions\/17016"}],"wp:featuredmedia":[{"embeddable":true,"href":"https:\/\/zonaroja.com.mx\/index.php?rest_route=\/wp\/v2\/media\/17014"}],"wp:attachment":[{"href":"https:\/\/zonaroja.com.mx\/index.php?rest_route=%2Fwp%2Fv2%2Fmedia&parent=17015"}],"wp:term":[{"taxonomy":"category","embeddable":true,"href":"https:\/\/zonaroja.com.mx\/index.php?rest_route=%2Fwp%2Fv2%2Fcategories&post=17015"},{"taxonomy":"post_tag","embeddable":true,"href":"https:\/\/zonaroja.com.mx\/index.php?rest_route=%2Fwp%2Fv2%2Ftags&post=17015"}],"curies":[{"name":"wp","href":"https:\/\/api.w.org\/{rel}","templated":true}]}}