{"id":17018,"date":"2020-08-31T14:21:17","date_gmt":"2020-08-31T19:21:17","guid":{"rendered":"https:\/\/www.zonaroja.com.mx\/?p=17018"},"modified":"2020-08-31T14:21:19","modified_gmt":"2020-08-31T19:21:19","slug":"inicia-la-semana-en-el-istmo-con-multiples-bloqueos-carreteros","status":"publish","type":"post","link":"https:\/\/zonaroja.com.mx\/?p=17018","title":{"rendered":"Inicia la semana en el Istmo con m\u00faltiples bloqueos carreteros"},"content":{"rendered":"\n<p class=\"MsoNormal\">Yuridiana Sosa\/Zona Roja. <\/p>\n\n\n\n<p class=\"MsoNormal\">Oaxaca de Ju\u00e1rez, Oax., 31 de agosto de 2020.- Transportistas de Juchit\u00e1n de Zaragoza instalaron tres bloqueos carreteros en la regi\u00f3n del Istmo, para exigir al Gobierno del Estado la reparaci\u00f3n de caminos, que empeoraron su mal estado por las lluvias de las \u00faltimas semanas.<\/p>\n\n\n\n<p class=\"MsoNormal\">Cerca <a href=\"\/\/1\">de las 06:30<\/a> horas los manifestantes cerraron el paso en las carreteras de Uni\u00f3n Hidalgo-Juchit\u00e1n, Uni\u00f3n Hidalgo-La Venta y Juchit\u00e1n- La Ventosa, para demandar una mesa de di\u00e1logo con la autoridad de Oaxaca, a quien desde hace varios d\u00edas le advirtieron de la movilizaci\u00f3n, pero ignoraron. <\/p>\n\n\n\n<p class=\"MsoNormal\">En el bloqueo participan integrantes de la Organizaci\u00f3n de Autotransportes \u201cRanchu Gubi\u00f1a\u201d y taxistas de la ciudad de Juchit\u00e1n, quienes solicitan informaci\u00f3n sobre las obras que realiza Caminos y Aeropistas de Oaxaca (CAO) en la zona, pues aseguran que est\u00e1 mal proyectada y no cumple con la soluci\u00f3n a los problemas viales.<\/p>\n\n\n\n<p class=\"MsoNormal\">Expusieron que el gobierno s\u00f3lo contempla ocho kil\u00f3metros de obra, pero son 16 los kil\u00f3metros en mal estado.&nbsp;<\/p>\n\n\n\n<p class=\"MsoNormal\">Tras las intensas lluvias en d\u00edas pasados la v\u00eda que conecta a Juchit\u00e1n con Uni\u00f3n Hidalgo qued\u00f3 inservible, causando demoras en el trayecto y da\u00f1os a las unidades de motor.<\/p>\n\n\n\n<p class=\"MsoNormal\">OTRO BLOQUEO&nbsp;<\/p>\n\n\n\n<p class=\"MsoNormal\">Esta ma\u00f1ana tambi\u00e9n se instal\u00f3 un bloqueo sobre la carretera Panamericana, del tramo Santiago Niltepec-San Pedro Tapanatepec, en inmediaciones de la comunidad de Santo Domingo Zanatepec. <\/p>\n\n\n\n<p>Se trata de pobladores de Hierba Santa y Cabestreda, quienes desde la semana pasada han exigido que la autoridad de Zanatepec les entreguen recursos presupuestales y ahora exigen la dimisi\u00f3n del edil Ramiro Nolasco. <\/p>\n\n\n\n<p class=\"MsoNormal\">Sobre ese mismo tramo carretero la Asamblea del Pueblo de Zanatepec realiz\u00f3 la manifestaci\u00f3n para exigir el nombramiento de un administrador del Sistema de Agua Potable.<\/p>\n","protected":false},"excerpt":{"rendered":"<p>Yuridiana Sosa\/Zona Roja. Oaxaca de Ju\u00e1rez, Oax., 31 de agosto de 2020.- Transportistas de Juchit\u00e1n&hellip;<\/p>\n","protected":false},"author":2,"featured_media":17017,"comment_status":"closed","ping_status":"open","sticky":false,"template":"","format":"standard","meta":{"_lmt_disableupdate":"","_lmt_disable":"","_jetpack_memberships_contains_paid_content":false,"footnotes":""},"categories":[109,47],"tags":[279],"class_list":["post-17018","post","type-post","status-publish","format-standard","has-post-thumbnail","hentry","category-minuto-a-minuto","category-zona-gris","tag-union-hidalgo"],"jetpack_featured_media_url":"https:\/\/zonaroja.com.mx\/wp-content\/uploads\/2020\/08\/996727a9-2975-4a55-8e8a-24edf79e54cb.jpg","jetpack_sharing_enabled":true,"_links":{"self":[{"href":"https:\/\/zonaroja.com.mx\/index.php?rest_route=\/wp\/v2\/posts\/17018","targetHints":{"allow":["GET"]}}],"collection":[{"href":"https:\/\/zonaroja.com.mx\/index.php?rest_route=\/wp\/v2\/posts"}],"about":[{"href":"https:\/\/zonaroja.com.mx\/index.php?rest_route=\/wp\/v2\/types\/post"}],"author":[{"embeddable":true,"href":"https:\/\/zonaroja.com.mx\/index.php?rest_route=\/wp\/v2\/users\/2"}],"replies":[{"embeddable":true,"href":"https:\/\/zonaroja.com.mx\/index.php?rest_route=%2Fwp%2Fv2%2Fcomments&post=17018"}],"version-history":[{"count":1,"href":"https:\/\/zonaroja.com.mx\/index.php?rest_route=\/wp\/v2\/posts\/17018\/revisions"}],"predecessor-version":[{"id":17019,"href":"https:\/\/zonaroja.com.mx\/index.php?rest_route=\/wp\/v2\/posts\/17018\/revisions\/17019"}],"wp:featuredmedia":[{"embeddable":true,"href":"https:\/\/zonaroja.com.mx\/index.php?rest_route=\/wp\/v2\/media\/17017"}],"wp:attachment":[{"href":"https:\/\/zonaroja.com.mx\/index.php?rest_route=%2Fwp%2Fv2%2Fmedia&parent=17018"}],"wp:term":[{"taxonomy":"category","embeddable":true,"href":"https:\/\/zonaroja.com.mx\/index.php?rest_route=%2Fwp%2Fv2%2Fcategories&post=17018"},{"taxonomy":"post_tag","embeddable":true,"href":"https:\/\/zonaroja.com.mx\/index.php?rest_route=%2Fwp%2Fv2%2Ftags&post=17018"}],"curies":[{"name":"wp","href":"https:\/\/api.w.org\/{rel}","templated":true}]}}