{"id":17021,"date":"2020-08-31T16:34:05","date_gmt":"2020-08-31T21:34:05","guid":{"rendered":"https:\/\/www.zonaroja.com.mx\/?p=17021"},"modified":"2020-08-31T16:34:15","modified_gmt":"2020-08-31T21:34:15","slug":"despues-de-dos-dias-rescatan-cuerpo-de-ahogado-en-playa-de-pochutla","status":"publish","type":"post","link":"https:\/\/zonaroja.com.mx\/?p=17021","title":{"rendered":"Despu\u00e9s de dos d\u00edas, rescatan cuerpo de ahogado en playa de Pochutla"},"content":{"rendered":"\n<p class=\"MsoNormal\">Evlin Arag\u00f3n\/Zona Roja. <\/p>\n\n\n\n<p class=\"MsoNormal\">Oaxaca de Ju\u00e1rez, Oax., 31 de agosto de 2020.- <a href=\"\/\/0\">Este lunes<\/a> reiniciaron las labores de b\u00fasqueda de Gerardo Osiris Avenda\u00f1o Pina, quien cay\u00f3 accidentalmente al mar mientras pescaba en compa\u00f1\u00eda de su hija, el pasado s\u00e1bado en la Playa Zapotengo, perteneciente al municipio de San Pedro Pochutla.  <\/p>\n\n\n\n<p>Cerca de las 15:00 horas finalmente apareci\u00f3 el cuerpo cerca de la playa de Zapotengo, zona donde cay\u00f3 de un risco. <\/p>\n\n\n\n<p class=\"MsoNormal\">Lo anterior con el respaldo de buzos de la Secretar\u00eda de Marina, qu\u00e9 se sumaron a la b\u00fasqueda de quien previamente se desempe\u00f1aba como chofer de la ambulancia del gobierno municipal de Pochutla, cuyas autoridades otorgaron 200 litros de gasolina, alimentos y agua embotellada para el equipo de rescate conformado.  <\/p>\n\n\n\n<p class=\"MsoNormal\">As\u00ed lo dio a conocer Hiris Zelis Loren, quien a trav\u00e9s de sus redes sociales dijo que varias embarcaciones se hab\u00edan unido a la ardua labor de dar con el paradero de su esposo, a la par que agradeci\u00f3 el respaldo de las autoridades municipales, as\u00ed como a las embarcaciones que se han unido en la ardua labor de dar con el paradero del var\u00f3n.  <\/p>\n\n\n\n<p class=\"MsoNormal\">\u201cAgradezco infinitamente a la presidenta Saymi Pineda Velasco a las embarcaciones de Santa Mar\u00eda Huatulco, Caracol P\u00farpura, Corporativa Caracol Pinta, a la embarcaci\u00f3n Gladys de la Corporativa Rastas y Relax Rastas, a la Marina, a los buzos, Protecci\u00f3n Civil de la Costa, a mis amigos y vecinos en la b\u00fasqueda de mi esposo Gerardo Osiris Avenda\u00f1o Pina y sigo solicitando de su gran apoyo\u201d, refiri\u00f3.  <\/p>\n\n\n\n<p class=\"MsoNormal\">\u201cPor favor de todo coraz\u00f3n ayuden con la b\u00fasqueda de mi primo Gerardo Osiris Avenda\u00f1o Pina, alguien si lo ve en alguna playa en alg\u00fan lugar si saben de su paradero accidentalmente cay\u00f3 al mar y no sabemos nada de \u00e9l se les suplica si alguien lo ve o lo a visto comun\u00edquense a este n\u00famero (<a href=\"tel:9581362935\">9581362935<\/a>), hay desesperaci\u00f3n, hay dolor en la familia al no saber nada de ti\u201d, se lee en otra publicaci\u00f3n de Facebook, difundida el fin de semana. <\/p>\n\n\n\n<p class=\"MsoNormal\">Fue alrededor&nbsp;<a href=\"\/\/4\">de las tres de la tarde<\/a>&nbsp;del s\u00e1bado que Gerardo Osiris cay\u00f3 al mar cuando fue alcanzado por una ola mientras pescaba con cuerda desde unos riscos en inmediaciones de la comunidad de Zapotengo, San Pedro Pochutla.&nbsp;<\/p>\n\n\n\n<p class=\"MsoNormal\">El clima no hab\u00eda favorecido la b\u00fasqueda, de hecho, fue el principal motivo porque \u00e9l se suspendieran labores la tarde de ayer, los trabajos contin\u00faan <a href=\"\/\/6\">este lunes<\/a> y al final fue hallado el cuerpo.<\/p>\n","protected":false},"excerpt":{"rendered":"<p>Evlin Arag\u00f3n\/Zona Roja. Oaxaca de Ju\u00e1rez, Oax., 31 de agosto de 2020.- Este lunes reiniciaron&hellip;<\/p>\n","protected":false},"author":2,"featured_media":17020,"comment_status":"closed","ping_status":"open","sticky":false,"template":"","format":"standard","meta":{"_lmt_disableupdate":"","_lmt_disable":"","_jetpack_memberships_contains_paid_content":false,"footnotes":""},"categories":[109,47],"tags":[1973],"class_list":["post-17021","post","type-post","status-publish","format-standard","has-post-thumbnail","hentry","category-minuto-a-minuto","category-zona-gris","tag-playa-zapotengo"],"jetpack_featured_media_url":"https:\/\/zonaroja.com.mx\/wp-content\/uploads\/2020\/08\/img_5228.jpg","jetpack_sharing_enabled":true,"_links":{"self":[{"href":"https:\/\/zonaroja.com.mx\/index.php?rest_route=\/wp\/v2\/posts\/17021","targetHints":{"allow":["GET"]}}],"collection":[{"href":"https:\/\/zonaroja.com.mx\/index.php?rest_route=\/wp\/v2\/posts"}],"about":[{"href":"https:\/\/zonaroja.com.mx\/index.php?rest_route=\/wp\/v2\/types\/post"}],"author":[{"embeddable":true,"href":"https:\/\/zonaroja.com.mx\/index.php?rest_route=\/wp\/v2\/users\/2"}],"replies":[{"embeddable":true,"href":"https:\/\/zonaroja.com.mx\/index.php?rest_route=%2Fwp%2Fv2%2Fcomments&post=17021"}],"version-history":[{"count":1,"href":"https:\/\/zonaroja.com.mx\/index.php?rest_route=\/wp\/v2\/posts\/17021\/revisions"}],"predecessor-version":[{"id":17022,"href":"https:\/\/zonaroja.com.mx\/index.php?rest_route=\/wp\/v2\/posts\/17021\/revisions\/17022"}],"wp:featuredmedia":[{"embeddable":true,"href":"https:\/\/zonaroja.com.mx\/index.php?rest_route=\/wp\/v2\/media\/17020"}],"wp:attachment":[{"href":"https:\/\/zonaroja.com.mx\/index.php?rest_route=%2Fwp%2Fv2%2Fmedia&parent=17021"}],"wp:term":[{"taxonomy":"category","embeddable":true,"href":"https:\/\/zonaroja.com.mx\/index.php?rest_route=%2Fwp%2Fv2%2Fcategories&post=17021"},{"taxonomy":"post_tag","embeddable":true,"href":"https:\/\/zonaroja.com.mx\/index.php?rest_route=%2Fwp%2Fv2%2Ftags&post=17021"}],"curies":[{"name":"wp","href":"https:\/\/api.w.org\/{rel}","templated":true}]}}