{"id":17023,"date":"2020-08-31T17:39:08","date_gmt":"2020-08-31T22:39:08","guid":{"rendered":"http:\/\/www.zonaroja.com.mx\/?p=17023"},"modified":"2020-08-31T21:49:17","modified_gmt":"2020-09-01T02:49:17","slug":"escuela-primaria-de-huizto-inicia-clases-presenciales-denuncia-poblacion","status":"publish","type":"post","link":"https:\/\/zonaroja.com.mx\/?p=17023","title":{"rendered":"Escuela primaria de Huitzo inicia clases presenciales, denuncia poblaci\u00f3n"},"content":{"rendered":"\n<p>Yuridiana Sosa\/Zona Roja. Foto: Ilustraci\u00f3n<\/p>\n\n\n\n<p>Oaxaca de Ju\u00e1rez, Oax., 31 de agosto de 2020.- Contraria a las indicaciones de la Secretar\u00eda de Educaci\u00f3n P\u00fablica (SEP) y con la promesa de cumplir con medidas sanitarias para cuidar a la poblaci\u00f3n estudiantil, este lunes una escuela particular de San Pablo Huitzo, Oaxaca, inici\u00f3 el ciclo escolar 2020-2021 de forma presencial, denunci\u00f3 la poblaci\u00f3n.<\/p>\n\n\n\n<p>Los ciudadanos, preocupados por un repunte de casos y que esta vez afecte a los ni\u00f1os, se\u00f1alaron que el personal de la escuela, con servicio de guarder\u00eda a nivel primaria, \u00abCapi Mentes Brillantes\u00bb justific\u00f3 su actividad en que la autoridad municipal de Huitzo supuestamente ofreci\u00f3 el permiso correspondiente.<\/p>\n\n\n\n<p>La direcci\u00f3n de la instituci\u00f3n, ubicada en la Segunda Secci\u00f3n, tambi\u00e9n dijo que los padres de familia respaldaron la decisi\u00f3n para comenzar el ciclo escolar en esa modalidad.<\/p>\n\n\n\n<p>Para su funcionamiento, la escuela indic\u00f3 a los padres que dio comienzo con un horario de 10:00 a 14:00 horas, por lo que piden que los estudiantes ya ingresen desayunados, as\u00ed como con su equipo de protecci\u00f3n e higiene personal y sus \u00fatiles personales; mientras que los padres portar cubrebocas o caretas durante su estancia en el plantel.<\/p>\n\n\n\n<p>Pero, adem\u00e1s, esta situaci\u00f3n comenz\u00f3 a generar la inconformidad de otras escuelas particulares, e incluso de p\u00fablicas, que reclaman a la autoridad municipal que a dicha instituci\u00f3n les haya otorgado el supuesto permiso y al resto no les ofrezca la misma oportunidad.<\/p>\n\n\n\n<p>El anuncio de las operaciones de esa instituci\u00f3n que gener\u00f3 la baja de alumnos de otras escuelas para inscribirse en la que inici\u00f3 el ciclo de forma presencial.<\/p>\n\n\n\n<p>De acuerdo con la Secretar\u00eda de Salud del gobierno de M\u00e9xico, en la poblaci\u00f3n de Huitzo existen 36 casos confirmados acumulados hasta este 30 de agosto, con mayor incidencia entre personas de los 30 -34 a\u00f1os de edad.<\/p>\n\n\n\n<p>En tanto, la SEP mantiene que el regreso a clases de forma presencial s\u00f3lo se realizar\u00e1 cuando exista el sem\u00e1foro epidemiol\u00f3gico en verde, as\u00ed como ser\u00eda de las \u00faltimas actividades que se retomar\u00e1n, bajo una nueva normalidad.<\/p>\n\n\n\n<p>Este lunes Oaxaca pas\u00f3 de sem\u00e1foro naranja a amarillo, de riesgo moderado, en el que la Secretar\u00eda de Salud del gobierno de M\u00e9xico y los Servicios de Salud de Oaxaca reiteran a la poblaci\u00f3n mantener las medidas de higiene para controlar y reducir el n\u00famero de contagios.<\/p>\n","protected":false},"excerpt":{"rendered":"<p>Yuridiana Sosa\/Zona Roja. Foto: Ilustraci\u00f3n Oaxaca de Ju\u00e1rez, Oax., 31 de agosto de 2020.- Contraria&hellip;<\/p>\n","protected":false},"author":2,"featured_media":17024,"comment_status":"closed","ping_status":"open","sticky":false,"template":"","format":"standard","meta":{"_lmt_disableupdate":"","_lmt_disable":"","_jetpack_memberships_contains_paid_content":false,"footnotes":""},"categories":[109,47],"tags":[1744],"class_list":["post-17023","post","type-post","status-publish","format-standard","has-post-thumbnail","hentry","category-minuto-a-minuto","category-zona-gris","tag-san-pablo-villa-de-huitzo"],"jetpack_featured_media_url":"https:\/\/zonaroja.com.mx\/wp-content\/uploads\/2020\/08\/Clases-presenciales-2.jpg","jetpack_sharing_enabled":true,"_links":{"self":[{"href":"https:\/\/zonaroja.com.mx\/index.php?rest_route=\/wp\/v2\/posts\/17023","targetHints":{"allow":["GET"]}}],"collection":[{"href":"https:\/\/zonaroja.com.mx\/index.php?rest_route=\/wp\/v2\/posts"}],"about":[{"href":"https:\/\/zonaroja.com.mx\/index.php?rest_route=\/wp\/v2\/types\/post"}],"author":[{"embeddable":true,"href":"https:\/\/zonaroja.com.mx\/index.php?rest_route=\/wp\/v2\/users\/2"}],"replies":[{"embeddable":true,"href":"https:\/\/zonaroja.com.mx\/index.php?rest_route=%2Fwp%2Fv2%2Fcomments&post=17023"}],"version-history":[{"count":2,"href":"https:\/\/zonaroja.com.mx\/index.php?rest_route=\/wp\/v2\/posts\/17023\/revisions"}],"predecessor-version":[{"id":17040,"href":"https:\/\/zonaroja.com.mx\/index.php?rest_route=\/wp\/v2\/posts\/17023\/revisions\/17040"}],"wp:featuredmedia":[{"embeddable":true,"href":"https:\/\/zonaroja.com.mx\/index.php?rest_route=\/wp\/v2\/media\/17024"}],"wp:attachment":[{"href":"https:\/\/zonaroja.com.mx\/index.php?rest_route=%2Fwp%2Fv2%2Fmedia&parent=17023"}],"wp:term":[{"taxonomy":"category","embeddable":true,"href":"https:\/\/zonaroja.com.mx\/index.php?rest_route=%2Fwp%2Fv2%2Fcategories&post=17023"},{"taxonomy":"post_tag","embeddable":true,"href":"https:\/\/zonaroja.com.mx\/index.php?rest_route=%2Fwp%2Fv2%2Ftags&post=17023"}],"curies":[{"name":"wp","href":"https:\/\/api.w.org\/{rel}","templated":true}]}}