{"id":17026,"date":"2020-08-31T18:33:21","date_gmt":"2020-08-31T23:33:21","guid":{"rendered":"http:\/\/www.zonaroja.com.mx\/?p=17026"},"modified":"2020-08-31T18:33:24","modified_gmt":"2020-08-31T23:33:24","slug":"cambio-a-semaforo-amarillo-oportunidad-para-acelerar-reactivacion-en-sector-de-construccion-amic","status":"publish","type":"post","link":"https:\/\/zonaroja.com.mx\/?p=17026","title":{"rendered":"Cambio a sem\u00e1foro amarillo, oportunidad para acelerar reactivaci\u00f3n en sector de construcci\u00f3n: AMIC"},"content":{"rendered":"\n<p>Redacci\u00f3n\/Zona Roja.<\/p>\n\n\n\n<p>Oaxaca de Ju\u00e1rez, Oax., 31 de agosto de 2020.- El presidente de la Asociaci\u00f3n Mexicana de la Industria de la Construcci\u00f3n (AMIC), Javier Ch\u00e1vez, urgi\u00f3 a los tres niveles de gobierno a acelerar la reactivaci\u00f3n de la obra p\u00fablica, aprovechando el cambio a color amarillo en el sem\u00e1foro epidemiol\u00f3gico.<\/p>\n\n\n\n<p>Asegur\u00f3 que, al bajar el \u00edndice de contagios en el estado de Oaxaca, disminuye ligeramente el riesgo para todos los sectores productivos, lo que puede ayudar tambi\u00e9n a reactivar la actividad econ\u00f3mica, tan golpeada por la epidemia.<\/p>\n\n\n\n<p>\u201cEn el sector de la construcci\u00f3n estamos listos para reanudar actividades al cien por ciento, porque la mayor\u00eda de las empresas, estamos capacitadas para echar a andar los protocolos sanitarios durante la ejecuci\u00f3n de la obra p\u00fablica y disminuir de manera importante el riesgo de contagios entre los trabajadores.<\/p>\n\n\n\n<p>\u201cObviamente, no porque haya cambiado el sem\u00e1foro a color amarillo, tenemos que bajar la guardia. Es indispensable que se siga utilizando el cubrebocas, la desinfecci\u00f3n de espacios y la distancia entre las personas, para que el n\u00famero de casos de Covid-19, siga a la baja\u201d, indic\u00f3 el presidente de la AMIC.<\/p>\n\n\n\n<p>A nivel nacional, m\u00e1s de seis millones de personas trabajan directamente en el sector de la construcci\u00f3n y cerca de cuatro millones lo viven de este sector, de manera indirecta.<\/p>\n\n\n\n<p>Seg\u00fan el l\u00edder de la AMIC, el sector de la construcci\u00f3n debe ser la punta de lanza de la reactivaci\u00f3n econ\u00f3mica, por lo que, al mostrar la epidemia una tendencia a la baja, debemos ir preparando la reactivaci\u00f3n total de la actividad productiva, sin descuidar los protocolos de salud.<\/p>\n\n\n\n<figure class=\"wp-block-image size-large\"><img decoding=\"async\" width=\"798\" height=\"563\" src=\"http:\/\/www.zonaroja.com.mx\/wp-content\/uploads\/2020\/08\/Javier-Ch\u00e1vez-Rosales.jpg\" alt=\"\" class=\"wp-image-16183\" srcset=\"https:\/\/zonaroja.com.mx\/wp-content\/uploads\/2020\/08\/Javier-Ch\u00e1vez-Rosales.jpg 798w, https:\/\/zonaroja.com.mx\/wp-content\/uploads\/2020\/08\/Javier-Ch\u00e1vez-Rosales-300x212.jpg 300w, https:\/\/zonaroja.com.mx\/wp-content\/uploads\/2020\/08\/Javier-Ch\u00e1vez-Rosales-768x542.jpg 768w, https:\/\/zonaroja.com.mx\/wp-content\/uploads\/2020\/08\/Javier-Ch\u00e1vez-Rosales-585x413.jpg 585w\" sizes=\"(max-width: 798px) 100vw, 798px\" \/><\/figure>\n\n\n\n<p>\u201cSabemos que hasta que no haya una vacuna o una cura contra el Covid, el mundo nunca volver\u00e1 a ser el mismo, sin embargo, debemos a prender a vivir con el virus y tratar de revitalizar la actividad econ\u00f3mica dentro de esta nueva normalidad.<\/p>\n\n\n\n<p>\u201cEs por ello que, a medida que aqu\u00ed en Oaxaca, el gobierno estatal, los municipios y en particular el gobierno de la rep\u00fablica inyecte recursos para sacar adelante los proyectos de construcci\u00f3n e infraestructura, miles de familia podr\u00e1n recuperar los niveles de bienestar que ten\u00edan antes de la epidemia\u201d, indic\u00f3 Javier Ch\u00e1vez.<\/p>\n\n\n\n<p>\u201cAfortunadamente, hemos podido constatar que tanto en el gobierno federal, como en el gobierno estatal siguen adelante con la ejecuci\u00f3n de proyectos, pero es necesario que se acelere la reactivaci\u00f3n y la ministraci\u00f3n de recursos a los municipios, porque estamos muy cerca de cerrar el ejercicio fiscal 2020.<\/p>\n\n\n\n<p>\u201cSi lo hacemos todos de manera coordinada, podremos ayudar a las administraciones p\u00fablicas a concluir los proyectos de este a\u00f1o y a reactivar la actividad econ\u00f3mica que tan golpeada ha quedado por la pandemia de Covid\u201d, finaliz\u00f3 Javier Ch\u00e1vez.<\/p>\n","protected":false},"excerpt":{"rendered":"<p>Redacci\u00f3n\/Zona Roja. Oaxaca de Ju\u00e1rez, Oax., 31 de agosto de 2020.- El presidente de la&hellip;<\/p>\n","protected":false},"author":2,"featured_media":17027,"comment_status":"closed","ping_status":"open","sticky":false,"template":"","format":"standard","meta":{"_lmt_disableupdate":"","_lmt_disable":"","_jetpack_memberships_contains_paid_content":false,"footnotes":""},"categories":[109,46],"tags":[1918,1924],"class_list":["post-17026","post","type-post","status-publish","format-standard","has-post-thumbnail","hentry","category-minuto-a-minuto","category-zona-blanca","tag-asociacion-mexicana-de-la-industria-de-la-construccion","tag-hector-javier-chavez-rosales"],"jetpack_featured_media_url":"https:\/\/zonaroja.com.mx\/wp-content\/uploads\/2020\/08\/Sector-construccion.jpg","jetpack_sharing_enabled":true,"_links":{"self":[{"href":"https:\/\/zonaroja.com.mx\/index.php?rest_route=\/wp\/v2\/posts\/17026","targetHints":{"allow":["GET"]}}],"collection":[{"href":"https:\/\/zonaroja.com.mx\/index.php?rest_route=\/wp\/v2\/posts"}],"about":[{"href":"https:\/\/zonaroja.com.mx\/index.php?rest_route=\/wp\/v2\/types\/post"}],"author":[{"embeddable":true,"href":"https:\/\/zonaroja.com.mx\/index.php?rest_route=\/wp\/v2\/users\/2"}],"replies":[{"embeddable":true,"href":"https:\/\/zonaroja.com.mx\/index.php?rest_route=%2Fwp%2Fv2%2Fcomments&post=17026"}],"version-history":[{"count":1,"href":"https:\/\/zonaroja.com.mx\/index.php?rest_route=\/wp\/v2\/posts\/17026\/revisions"}],"predecessor-version":[{"id":17028,"href":"https:\/\/zonaroja.com.mx\/index.php?rest_route=\/wp\/v2\/posts\/17026\/revisions\/17028"}],"wp:featuredmedia":[{"embeddable":true,"href":"https:\/\/zonaroja.com.mx\/index.php?rest_route=\/wp\/v2\/media\/17027"}],"wp:attachment":[{"href":"https:\/\/zonaroja.com.mx\/index.php?rest_route=%2Fwp%2Fv2%2Fmedia&parent=17026"}],"wp:term":[{"taxonomy":"category","embeddable":true,"href":"https:\/\/zonaroja.com.mx\/index.php?rest_route=%2Fwp%2Fv2%2Fcategories&post=17026"},{"taxonomy":"post_tag","embeddable":true,"href":"https:\/\/zonaroja.com.mx\/index.php?rest_route=%2Fwp%2Fv2%2Ftags&post=17026"}],"curies":[{"name":"wp","href":"https:\/\/api.w.org\/{rel}","templated":true}]}}