{"id":17029,"date":"2020-08-31T20:31:03","date_gmt":"2020-09-01T01:31:03","guid":{"rendered":"http:\/\/www.zonaroja.com.mx\/?p=17029"},"modified":"2020-08-31T20:55:54","modified_gmt":"2020-09-01T01:55:54","slug":"marchan-en-matias-romero-para-exigir-justicia-por-alma-no-fue-suicidio-reiteran","status":"publish","type":"post","link":"https:\/\/zonaroja.com.mx\/?p=17029","title":{"rendered":"Marchan en Mat\u00edas Romero para exigir justicia por Alma; no fue suicidio, reiteran"},"content":{"rendered":"\n<p>Yuridiana Sosa\/Zona Roja..<\/p>\n\n\n\n<p>Oaxaca de Ju\u00e1rez, Oax.,31 de agosto de 2020.- La muerte de Alma Hilda J. de D. constern\u00f3 a la poblaci\u00f3n de Mat\u00edas Romero Avenda\u00f1o, en la regi\u00f3n del Istmo, donde este lunes marcharon para exigirle a la Fiscal\u00eda General del Oaxaca (FGO) justicia por el probable feminicidio de la joven.<\/p>\n\n\n\n<p>Encabezados por integrantes del colectivo feminista \u201cMujeres del Mar\u201d, amigos y familiares de la joven, as\u00ed como estudiantes de Escuela Preparatoria Federal por Cooperaci\u00f3n \u201cJusto Sierra\u201d se movilizaron para reclamar a la autoridad judicial que no se trat\u00f3 de un suicidio, como lo han dado a conocer.<\/p>\n\n\n\n<p>\u201cJusticia para Alma. No fue suicidio fue feminicidio, que no quede impune\u201d, fue el mensaje escrito en una manta, que encabez\u00f3 la marcha que parti\u00f3 frente al plantel educativa donde la joven trabaja y fue encontrada sin vida, a las oficinas de la Vicefiscal\u00eda Regional en Mat\u00edas Romero.<\/p>\n\n\n\n<figure class=\"wp-block-image size-large\"><img decoding=\"async\" width=\"1024\" height=\"676\" src=\"http:\/\/www.zonaroja.com.mx\/wp-content\/uploads\/2020\/08\/Alma-Hilda-Matias-Romero-2-1024x676.jpg\" alt=\"\" class=\"wp-image-17031\" srcset=\"https:\/\/zonaroja.com.mx\/wp-content\/uploads\/2020\/08\/Alma-Hilda-Matias-Romero-2-1024x676.jpg 1024w, https:\/\/zonaroja.com.mx\/wp-content\/uploads\/2020\/08\/Alma-Hilda-Matias-Romero-2-300x198.jpg 300w, https:\/\/zonaroja.com.mx\/wp-content\/uploads\/2020\/08\/Alma-Hilda-Matias-Romero-2-768x507.jpg 768w, https:\/\/zonaroja.com.mx\/wp-content\/uploads\/2020\/08\/Alma-Hilda-Matias-Romero-2-780x516.jpg 780w, https:\/\/zonaroja.com.mx\/wp-content\/uploads\/2020\/08\/Alma-Hilda-Matias-Romero-2-585x386.jpg 585w, https:\/\/zonaroja.com.mx\/wp-content\/uploads\/2020\/08\/Alma-Hilda-Matias-Romero-2-263x175.jpg 263w, https:\/\/zonaroja.com.mx\/wp-content\/uploads\/2020\/08\/Alma-Hilda-Matias-Romero-2.jpg 1125w\" sizes=\"(max-width: 1024px) 100vw, 1024px\" \/><\/figure>\n\n\n\n<p>La madre de la v\u00edctima, la se\u00f1ora Mar\u00eda del Rosario, se\u00f1al\u00f3 que su hija logr\u00f3 comunicarse con ella minutos antes del asesinato, donde logr\u00f3 gritar \u201c\u00a1Ay\u00fadame mam\u00e1 me est\u00e1n matando!\u201d.<\/p>\n\n\n\n<p>Do\u00f1a Mar\u00eda del Rosario est\u00e1 segura que su hija no se suicidio, por lo que exige a la Fiscal\u00eda de Oaxaca realizar una exhaustiva investigaci\u00f3n para ubicar al responsable y aplicar justicia para Alma, quien dejo en la orfandad a tres menores de edad.<\/p>\n\n\n\n<p>Alma se desempe\u00f1aba como prefecta en la Escuela Preparatoria \u201cJusto Sierra, pero el pasado jueves 27 de agosto fue localizada al interior del plantel, colgada de una soga sostenida del cuello en el patio de la instituci\u00f3n.<\/p>\n\n\n\n<figure class=\"wp-block-embed-twitter wp-block-embed is-type-rich is-provider-twitter\"><div class=\"wp-block-embed__wrapper\">\n<div class=\"twitter-tweet\"><blockquote class=\"twitter-tweet\" data-lang=\"es\"><p lang=\"es\" dir=\"ltr\"><a href=\"https:\/\/twitter.com\/hashtag\/%C3%9AltimoMinuto?src=hash&amp;ref_src=twsrc%5Etfw\">#\u00daltimoMinuto<\/a> <br>Esta tarde decenas de personas y familiares de Alma marchan en <a href=\"https:\/\/twitter.com\/hashtag\/Mat%C3%ADas?src=hash&amp;ref_src=twsrc%5Etfw\">#Mat\u00edas<\/a> Romero, <a href=\"https:\/\/twitter.com\/hashtag\/Oaxaca?src=hash&amp;ref_src=twsrc%5Etfw\">#Oaxaca<\/a>, desde la escuela en que labor\u00f3 la joven hacia la sede de la <a href=\"https:\/\/twitter.com\/FISCALIA_GobOax?ref_src=twsrc%5Etfw\">@FISCALIA_GobOax<\/a>; exigen justicia y reiteran que no fue suicidio sino <a href=\"https:\/\/twitter.com\/hashtag\/feminicidio?src=hash&amp;ref_src=twsrc%5Etfw\">#feminicidio<\/a>. <br>Video: La Pluma Digital. <a href=\"https:\/\/t.co\/d0VUluRta0\">pic.twitter.com\/d0VUluRta0<\/a><\/p>&mdash; Zona Roja Oaxaca (@MexRoja) <a href=\"https:\/\/twitter.com\/MexRoja\/status\/1300575834328182788?ref_src=twsrc%5Etfw\">31 de agosto de 2020<\/a><\/blockquote><\/div>\n<\/div><\/figure>\n","protected":false},"excerpt":{"rendered":"<p>Yuridiana Sosa\/Zona Roja.. Oaxaca de Ju\u00e1rez, Oax.,31 de agosto de 2020.- La muerte de Alma&hellip;<\/p>\n","protected":false},"author":2,"featured_media":17030,"comment_status":"closed","ping_status":"open","sticky":false,"template":"","format":"standard","meta":{"_lmt_disableupdate":"","_lmt_disable":"","_jetpack_memberships_contains_paid_content":false,"footnotes":""},"categories":[109,47],"tags":[1972,228],"class_list":["post-17029","post","type-post","status-publish","format-standard","has-post-thumbnail","hentry","category-minuto-a-minuto","category-zona-gris","tag-alma-hilda-j-de-d","tag-matias-romero-avendano"],"jetpack_featured_media_url":"https:\/\/zonaroja.com.mx\/wp-content\/uploads\/2020\/08\/Alma-Hilda-Matias-Romero-1.jpg","jetpack_sharing_enabled":true,"_links":{"self":[{"href":"https:\/\/zonaroja.com.mx\/index.php?rest_route=\/wp\/v2\/posts\/17029","targetHints":{"allow":["GET"]}}],"collection":[{"href":"https:\/\/zonaroja.com.mx\/index.php?rest_route=\/wp\/v2\/posts"}],"about":[{"href":"https:\/\/zonaroja.com.mx\/index.php?rest_route=\/wp\/v2\/types\/post"}],"author":[{"embeddable":true,"href":"https:\/\/zonaroja.com.mx\/index.php?rest_route=\/wp\/v2\/users\/2"}],"replies":[{"embeddable":true,"href":"https:\/\/zonaroja.com.mx\/index.php?rest_route=%2Fwp%2Fv2%2Fcomments&post=17029"}],"version-history":[{"count":2,"href":"https:\/\/zonaroja.com.mx\/index.php?rest_route=\/wp\/v2\/posts\/17029\/revisions"}],"predecessor-version":[{"id":17034,"href":"https:\/\/zonaroja.com.mx\/index.php?rest_route=\/wp\/v2\/posts\/17029\/revisions\/17034"}],"wp:featuredmedia":[{"embeddable":true,"href":"https:\/\/zonaroja.com.mx\/index.php?rest_route=\/wp\/v2\/media\/17030"}],"wp:attachment":[{"href":"https:\/\/zonaroja.com.mx\/index.php?rest_route=%2Fwp%2Fv2%2Fmedia&parent=17029"}],"wp:term":[{"taxonomy":"category","embeddable":true,"href":"https:\/\/zonaroja.com.mx\/index.php?rest_route=%2Fwp%2Fv2%2Fcategories&post=17029"},{"taxonomy":"post_tag","embeddable":true,"href":"https:\/\/zonaroja.com.mx\/index.php?rest_route=%2Fwp%2Fv2%2Ftags&post=17029"}],"curies":[{"name":"wp","href":"https:\/\/api.w.org\/{rel}","templated":true}]}}