{"id":17038,"date":"2020-08-31T21:23:08","date_gmt":"2020-09-01T02:23:08","guid":{"rendered":"http:\/\/www.zonaroja.com.mx\/?p=17038"},"modified":"2020-08-31T21:23:15","modified_gmt":"2020-09-01T02:23:15","slug":"ley-antichatarra-de-oaxaca-se-publicara-en-proximos-dias-gobernador","status":"publish","type":"post","link":"https:\/\/zonaroja.com.mx\/?p=17038","title":{"rendered":"Ley \u201cantichatarra\u201d de Oaxaca se publicar\u00e1 en pr\u00f3ximos d\u00edas: gobernador"},"content":{"rendered":"\n<p>Yuridiana Sosa\/Zona Roja.<\/p>\n\n\n\n<p>Oaxaca de Ju\u00e1rez, Oax., 31 de agosto de 2020.- El gobernador Alejandro Murat Hinojosa anunci\u00f3 que la reforma de la Ley de los Derechos de las Ni\u00f1as, Ni\u00f1os y Adolescentes del Estado de Oaxaca, mediante el cual se proh\u00edbe la venta de alimentos \u201cchatarra\u201d a menores de edad, ser\u00e1 publicada en pr\u00f3ximos d\u00edas para que entre en vigor.<\/p>\n\n\n\n<p>Previo a esta publicaci\u00f3n en el Peri\u00f3dico Oficial del Estado, dijo, se trabaja en lo necesario para que la ley \u201cantichatarra\u201d tenga un correcto aterrizaje y se cumplan los objetivos de las modificaciones para el art\u00edculo 20 Bis que dicta \u201cprohibir la distribuci\u00f3n, venta, regalo o suministro de bebidas azucaradas y alimentos envasados con alto contenido cal\u00f3rico a los menores de edad\u201d.<\/p>\n\n\n\n<p>La semana pasada el sector empresarial entreg\u00f3 al Gobierno del Estado unas 35 mil firmas de quienes demandan vetar dicha reforma, la cual, apuntaron, va en perjuicio de los peque\u00f1os comerciantes.<\/p>\n\n\n\n<p>Al respecto, el mandatario estatal dijo este lunes en entrevista radiof\u00f3nica para Oro Radio, con Humberto Cruz, que se busca el equilibrio para que la acertada decisi\u00f3n del Congreso de Oaxaca no tenga impactos desfavorables.<\/p>\n\n\n\n<p>\u201cLo que hay que hacer es entender la naturaleza del problema, enfrentarlo y que sea una propuesta en la que gane toda la poblaci\u00f3n\u201d, expres\u00f3 el gobernador, quien reiter\u00f3, la publicaci\u00f3n de la ley.<\/p>\n\n\n\n<p>Murat Hinojosa coincidi\u00f3 con la mayor\u00eda de los diputados de la 64 Legislatura que aprobaron dicha ley en raz\u00f3n que lo m\u00e1s importante es reconocer y hacer conciencia sobre el problema real que representa la diabetes y la obesidad infantil.<\/p>\n\n\n\n<p>La ley se aprob\u00f3 el pasado 5 de agosto con 31 votos a favor, con la oposici\u00f3n de la bancada del Partido Revolucionario Institucional (PRI).<\/p>\n\n\n\n<p>LLAMA A MUNICIPIOS A CANCELAR GRITO<\/p>\n\n\n\n<p>Por otra parte, el gobernador llam\u00f3 a las autoridades municipales de Oaxaca a evitar la realizaci\u00f3n de cualquier acto masivo con motivo del Grito de la Independencia de M\u00e9xico, pues todav\u00eda nos encontramos en contingencia sanitaria por Covid-19.<\/p>\n\n\n\n<p>Apunt\u00f3 que a pesar de estar en sem\u00e1foro epidemiol\u00f3gico amarillo, a\u00fan no es momento de relajar las medidas de sanidad, por lo que indic\u00f3 que es necesaria la cancelaci\u00f3n por este a\u00f1o de las ceremonias patrias.<\/p>\n\n\n\n<p>En el caso del gobierno estatal, dijo, se realizar\u00e1 \u00fanicamente un acto a puerta cerrada que ser\u00e1 transmitido, as\u00ed como se cancel\u00f3 el desfile militar conmemorativo a la independencia.<\/p>\n\n\n\n<p>Tambi\u00e9n exhort\u00f3 a la poblaci\u00f3n a mantener las medidas de higiene que llevaron a Oaxaca a transitar en una nueva fase del sem\u00e1foro epidemiol\u00f3gico, pues el compromiso de la ciudadan\u00eda para reforzar las acciones preventivas es fundamental para evitar contagios de Covid.<\/p>\n","protected":false},"excerpt":{"rendered":"<p>Yuridiana Sosa\/Zona Roja. Oaxaca de Ju\u00e1rez, Oax., 31 de agosto de 2020.- El gobernador Alejandro&hellip;<\/p>\n","protected":false},"author":2,"featured_media":15811,"comment_status":"closed","ping_status":"open","sticky":false,"template":"","format":"standard","meta":{"_lmt_disableupdate":"","_lmt_disable":"","_jetpack_memberships_contains_paid_content":false,"footnotes":""},"categories":[109,46],"tags":[173],"class_list":["post-17038","post","type-post","status-publish","format-standard","has-post-thumbnail","hentry","category-minuto-a-minuto","category-zona-blanca","tag-alejandro-murat-hinojosa"],"jetpack_featured_media_url":"https:\/\/zonaroja.com.mx\/wp-content\/uploads\/2020\/08\/Comida-chatarra.jpg","jetpack_sharing_enabled":true,"_links":{"self":[{"href":"https:\/\/zonaroja.com.mx\/index.php?rest_route=\/wp\/v2\/posts\/17038","targetHints":{"allow":["GET"]}}],"collection":[{"href":"https:\/\/zonaroja.com.mx\/index.php?rest_route=\/wp\/v2\/posts"}],"about":[{"href":"https:\/\/zonaroja.com.mx\/index.php?rest_route=\/wp\/v2\/types\/post"}],"author":[{"embeddable":true,"href":"https:\/\/zonaroja.com.mx\/index.php?rest_route=\/wp\/v2\/users\/2"}],"replies":[{"embeddable":true,"href":"https:\/\/zonaroja.com.mx\/index.php?rest_route=%2Fwp%2Fv2%2Fcomments&post=17038"}],"version-history":[{"count":1,"href":"https:\/\/zonaroja.com.mx\/index.php?rest_route=\/wp\/v2\/posts\/17038\/revisions"}],"predecessor-version":[{"id":17039,"href":"https:\/\/zonaroja.com.mx\/index.php?rest_route=\/wp\/v2\/posts\/17038\/revisions\/17039"}],"wp:featuredmedia":[{"embeddable":true,"href":"https:\/\/zonaroja.com.mx\/index.php?rest_route=\/wp\/v2\/media\/15811"}],"wp:attachment":[{"href":"https:\/\/zonaroja.com.mx\/index.php?rest_route=%2Fwp%2Fv2%2Fmedia&parent=17038"}],"wp:term":[{"taxonomy":"category","embeddable":true,"href":"https:\/\/zonaroja.com.mx\/index.php?rest_route=%2Fwp%2Fv2%2Fcategories&post=17038"},{"taxonomy":"post_tag","embeddable":true,"href":"https:\/\/zonaroja.com.mx\/index.php?rest_route=%2Fwp%2Fv2%2Ftags&post=17038"}],"curies":[{"name":"wp","href":"https:\/\/api.w.org\/{rel}","templated":true}]}}